{"id":10997,"date":"2024-11-26T07:46:36","date_gmt":"2024-11-26T07:46:36","guid":{"rendered":"https:\/\/247stiri.ro\/index.php\/2024\/11\/26\/georgescu-a-comparat-mobilizarea-pentru-candidatura-sa-cu-minunea-inmultirii-pestilor-si-painilor-mesaje-controversate-dupa-victoria-in-primul-tur\/"},"modified":"2024-11-26T07:46:36","modified_gmt":"2024-11-26T07:46:36","slug":"georgescu-a-comparat-mobilizarea-pentru-candidatura-sa-cu-minunea-inmultirii-pestilor-si-painilor-mesaje-controversate-dupa-victoria-in-primul-tur","status":"publish","type":"post","link":"https:\/\/247stiri.ro\/index.php\/2024\/11\/26\/georgescu-a-comparat-mobilizarea-pentru-candidatura-sa-cu-minunea-inmultirii-pestilor-si-painilor-mesaje-controversate-dupa-victoria-in-primul-tur\/","title":{"rendered":"Georgescu a comparat mobilizarea pentru candidatura sa cu minunea \u00eenmul\u021birii pe\u0219tilor \u0219i p\u00e2inilor. Mesaje controversate, dup\u0103 victoria \u00een primul tur"},"content":{"rendered":"<p>&#8222;Poporul rom\u00e2n s-a cam s\u0103turat de opulen\u021ba partidelor politice afi\u0219ate pe banii no\u0219tri, a\u0219a c\u0103 vorbim de acas\u0103&#8230;vorbim din acasa inimilor noastre cum spunea so\u021bia mea.<\/p>\n<p>A fost \u00een\u0103l\u021b\u0103tor. A fost legea \u00eenmul\u021birii minunate a lui Isus Christos, adic\u0103 5 p\u00e2ini \u0219i doi pe\u0219ti care s-au \u00eenmul\u021bit la 2 milioane.<\/p>\n<p>Nu exist\u0103 est sau vest, exist\u0103 doar Rom\u00e2nia. Noi rom\u00e2nii, exist\u0103m pentru a tr\u0103i \u00een pace at\u00e2t cu cei din Vest c\u00e2t \u0219i cu cei din Est. 08:08<\/p>\n<p>Doamna Lasconi, voi fi foarte direct cu dumneavoastr\u0103 \u0219i cu restul partidelor. Nu ave\u021bi de ce s\u0103 v\u0103 bucura\u021bi. Poporul nu este fericit de ceea ce au f\u0103cut politicienii \u00een ace\u0219ti ani. Inclusiv dumneavoastr\u0103 a\u021bi fost \u0219i sunte\u021bi parte din acest proiect politic&#8221;, a declarat Georgescu.\u00a0<\/p>","protected":false},"excerpt":{"rendered":"<p>&#8222;Poporul rom\u00e2n s-a cam s\u0103turat de opulen\u021ba partidelor politice afi\u0219ate pe banii no\u0219tri, a\u0219a c\u0103&hellip;<\/p>\n","protected":false},"author":0,"featured_media":10998,"comment_status":"open","ping_status":"open","sticky":false,"template":"","format":"standard","meta":{"footnotes":""},"categories":[3],"tags":[],"class_list":["post-10997","post","type-post","status-publish","format-standard","has-post-thumbnail","hentry","category-politica"],"_links":{"self":[{"href":"https:\/\/247stiri.ro\/index.php\/wp-json\/wp\/v2\/posts\/10997","targetHints":{"allow":["GET"]}}],"collection":[{"href":"https:\/\/247stiri.ro\/index.php\/wp-json\/wp\/v2\/posts"}],"about":[{"href":"https:\/\/247stiri.ro\/index.php\/wp-json\/wp\/v2\/types\/post"}],"replies":[{"embeddable":true,"href":"https:\/\/247stiri.ro\/index.php\/wp-json\/wp\/v2\/comments?post=10997"}],"version-history":[{"count":0,"href":"https:\/\/247stiri.ro\/index.php\/wp-json\/wp\/v2\/posts\/10997\/revisions"}],"wp:featuredmedia":[{"embeddable":true,"href":"https:\/\/247stiri.ro\/index.php\/wp-json\/wp\/v2\/media\/10998"}],"wp:attachment":[{"href":"https:\/\/247stiri.ro\/index.php\/wp-json\/wp\/v2\/media?parent=10997"}],"wp:term":[{"taxonomy":"category","embeddable":true,"href":"https:\/\/247stiri.ro\/index.php\/wp-json\/wp\/v2\/categories?post=10997"},{"taxonomy":"post_tag","embeddable":true,"href":"https:\/\/247stiri.ro\/index.php\/wp-json\/wp\/v2\/tags?post=10997"}],"curies":[{"name":"wp","href":"https:\/\/api.w.org\/{rel}","templated":true}]}}