{"id":11003,"date":"2024-11-26T07:46:37","date_gmt":"2024-11-26T07:46:37","guid":{"rendered":"https:\/\/247stiri.ro\/index.php\/2024\/11\/26\/statiunea-de-schi-preferata-de-romani-izolata-din-cauza-vremii-extreme-zeci-de-turisti-s-au-aratat-furiosi\/"},"modified":"2024-11-26T07:46:37","modified_gmt":"2024-11-26T07:46:37","slug":"statiunea-de-schi-preferata-de-romani-izolata-din-cauza-vremii-extreme-zeci-de-turisti-s-au-aratat-furiosi","status":"publish","type":"post","link":"https:\/\/247stiri.ro\/index.php\/2024\/11\/26\/statiunea-de-schi-preferata-de-romani-izolata-din-cauza-vremii-extreme-zeci-de-turisti-s-au-aratat-furiosi\/","title":{"rendered":"Sta\u021biunea de schi preferat\u0103 de rom\u00e2ni, IZOLAT\u0102 din cauza vremii extreme. Zeci de turi\u0219ti s-au ar\u0103tat furio\u0219i"},"content":{"rendered":"<p>Primarul spune c\u0103 vremea a fost cea care nu le-a permis turi\u0219tilor s\u0103 ajung\u0103 \u00een sta\u021biune. Mai multe cabluri de curent s-au rupt, dar \u0219i copaci.<\/p>\n<p>V\u00e2ntul puternic nu a permis func\u021bionarea telescaunului \u00eenc\u00e2t turi\u0219tii au urcat pe munte 4 kilometri, iar cabanierii caut\u0103 solu\u021bii pentru problem\u0103.<\/p>\n<p>Turi\u0219tii cred c\u0103 autorit\u0103\u021bile trebuiau s\u0103 protejeze copacii ca ace\u0219tia sa nu se mai rup\u0103 din cauza z\u0103pezii. Mai mult, \u0219i instructorii de schi sunt enerva\u021bi la culme.<\/p>\n<p>\u00cen acela\u0219i timp, primarul spune c\u0103 drumul nu poate fi folosit din cauza pericolului, mai ales c\u0103 telescaunul abia a putut fi pornit din cauza vremii.<\/p>\n<p>&#8222;A fost vorba de un Cod ro\u0219u de viscol, prin care hot\u0103r\u00e2rea ISU nu ne-a l\u0103sat s\u0103 pornim telescaunul nou p\u00e2n\u0103 ast\u0103zi. Deci, a fost Cod ro\u0219u. Sigur, s-a suprapus cu acea pan\u0103 de curent care a fost rezolvat\u0103. \u00centr-adev\u0103r s-a rupt un cablu. Drumul jude\u021bean care duce de la Rusu p\u00e2n\u0103 \u00een Parang este \u00eenchis \u00een fiecare iarn\u0103 pentru c\u0103 nu poate fi desz\u0103pezit&#8221;, a declarat , primarul din Petro\u0219ani Iacob Ridzi.\u00a0<\/p>\n<p>Autorit\u0103\u021bile au anun\u021bat c\u0103 artera rutier\u0103 este \u00eenchis\u0103 din 15 noiembrie din cauza faptului c\u0103 poleiul este foarte periculos \u00een toat\u0103 zona. R\u0103m\u00e2ne de v\u0103zut cum se va rezolva aceast\u0103 situa\u021bie dificil\u0103 at\u00e2t pentru cabanieri, c\u00e2t \u0219i pentru turi\u0219ti.\u00a0<\/p>","protected":false},"excerpt":{"rendered":"<p>Primarul spune c\u0103 vremea a fost cea care nu le-a permis turi\u0219tilor s\u0103 ajung\u0103 \u00een&hellip;<\/p>\n","protected":false},"author":0,"featured_media":11004,"comment_status":"open","ping_status":"open","sticky":false,"template":"","format":"standard","meta":{"footnotes":""},"categories":[2],"tags":[],"class_list":["post-11003","post","type-post","status-publish","format-standard","has-post-thumbnail","hentry","category-actual"],"_links":{"self":[{"href":"https:\/\/247stiri.ro\/index.php\/wp-json\/wp\/v2\/posts\/11003","targetHints":{"allow":["GET"]}}],"collection":[{"href":"https:\/\/247stiri.ro\/index.php\/wp-json\/wp\/v2\/posts"}],"about":[{"href":"https:\/\/247stiri.ro\/index.php\/wp-json\/wp\/v2\/types\/post"}],"replies":[{"embeddable":true,"href":"https:\/\/247stiri.ro\/index.php\/wp-json\/wp\/v2\/comments?post=11003"}],"version-history":[{"count":0,"href":"https:\/\/247stiri.ro\/index.php\/wp-json\/wp\/v2\/posts\/11003\/revisions"}],"wp:featuredmedia":[{"embeddable":true,"href":"https:\/\/247stiri.ro\/index.php\/wp-json\/wp\/v2\/media\/11004"}],"wp:attachment":[{"href":"https:\/\/247stiri.ro\/index.php\/wp-json\/wp\/v2\/media?parent=11003"}],"wp:term":[{"taxonomy":"category","embeddable":true,"href":"https:\/\/247stiri.ro\/index.php\/wp-json\/wp\/v2\/categories?post=11003"},{"taxonomy":"post_tag","embeddable":true,"href":"https:\/\/247stiri.ro\/index.php\/wp-json\/wp\/v2\/tags?post=11003"}],"curies":[{"name":"wp","href":"https:\/\/api.w.org\/{rel}","templated":true}]}}