{"id":11006,"date":"2024-11-26T07:46:37","date_gmt":"2024-11-26T07:46:37","guid":{"rendered":"https:\/\/247stiri.ro\/index.php\/2024\/11\/26\/spital-din-tara-in-cautare-de-medici-una-dintre-cele-mai-solicitate-sectii-a-ramas-fara-garda\/"},"modified":"2024-11-26T07:46:37","modified_gmt":"2024-11-26T07:46:37","slug":"spital-din-tara-in-cautare-de-medici-una-dintre-cele-mai-solicitate-sectii-a-ramas-fara-garda","status":"publish","type":"post","link":"https:\/\/247stiri.ro\/index.php\/2024\/11\/26\/spital-din-tara-in-cautare-de-medici-una-dintre-cele-mai-solicitate-sectii-a-ramas-fara-garda\/","title":{"rendered":"Spital din \u021bar\u0103, \u00een c\u0103utare de MEDICI! Una dintre cele mai solicitate sec\u021bii a r\u0103mas F\u0102R\u0102 gard\u0103"},"content":{"rendered":"<p>Institutul medical are 260 de medici \u0219i 35 de specialit\u0103\u021bi, \u00eens\u0103 nu este suficient. Conducerea spitalului se confrunt\u0103 cu o mare problem\u0103 \u00een momentul de fa\u021b\u0103.<\/p>\n<p>&#8222;Sec\u021bia de Cardiologie, sec\u021bia de Radiologie \u0219i, \u00eentr-adev\u0103r, avem un deficit de medici \u0219i pe sec\u021bia de Oftalmologie. A trebuit s\u0103 lu\u0103m o decizie \u00een sensul \u00een care am suspendat pe o perioad\u0103 de timp, p\u00e2n\u0103 c\u00e2nd vom g\u0103si colegi noi pentru linia de gard\u0103. Asta nu \u00eenseamn\u0103 c\u0103 nu vom avea activitate pe sec\u021bia de Oftalomologie. Vom avea at\u00e2t \u00een Ambulatoriu, c\u00e2t \u0219i \u00een Serviciul de Primiri Urgen\u021b\u0103, doar c\u0103 \u00een gard\u0103 &#8211; dup\u0103 orele 20,00, nu vom avea consulta\u021bii de specialitate \u00een Oftalmologie&#8221;, a declarat Florin Popa, directorul medical SJU Slatina.<\/p>\n<p><a href=\"https:\/\/www.realitatea.net\/stiri\/actual\/criza-majora-de-chirurgi-pediatri-in-romania-in-4-judete-nu-exista-niciun-astfel-de-medic-statistica-ingrijoratoare-transmisa-de-colegiul-medicilor_6741b67858187922ee71bb92\" target=\"_blank\">Criz\u0103 major\u0103 de CHIRURGI PEDIATRI \u00een Rom\u00e2nia! \u00cen 4 jude\u021be NU exist\u0103 niciun astfel de medic: statistic\u0103 \u00eengrijor\u0103toare, transmis\u0103 de Colegiul Medicilor<\/a><\/p>\n<p>Reprezentan\u021bii institu\u021biei spun c\u0103 depun eforturi pentru a atrage personal, \u00eens\u0103 \u00een ultimii ani posturile au fost blocate \u0219i nu s-au putut face angaj\u0103ri dec\u00e2t pe locurile libere r\u0103mase \u00een cursul anului.<\/p>\n<p>&#8222;Depunem toate eforturile pentru a oferi un mediu de lucru bun, condi\u021bii normale de lucru, dot\u0103m spitalul, oferim toate condi\u021biile pentru desf\u0103\u0219urarea actului medical foarte important&#8221;, a ar\u0103tat Angela Nicolae,\u00a0manager SJU Slatina.\u00a0<\/p>","protected":false},"excerpt":{"rendered":"<p>Institutul medical are 260 de medici \u0219i 35 de specialit\u0103\u021bi, \u00eens\u0103 nu este suficient. Conducerea&hellip;<\/p>\n","protected":false},"author":0,"featured_media":11007,"comment_status":"open","ping_status":"open","sticky":false,"template":"","format":"standard","meta":{"footnotes":""},"categories":[2],"tags":[],"class_list":["post-11006","post","type-post","status-publish","format-standard","has-post-thumbnail","hentry","category-actual"],"_links":{"self":[{"href":"https:\/\/247stiri.ro\/index.php\/wp-json\/wp\/v2\/posts\/11006","targetHints":{"allow":["GET"]}}],"collection":[{"href":"https:\/\/247stiri.ro\/index.php\/wp-json\/wp\/v2\/posts"}],"about":[{"href":"https:\/\/247stiri.ro\/index.php\/wp-json\/wp\/v2\/types\/post"}],"replies":[{"embeddable":true,"href":"https:\/\/247stiri.ro\/index.php\/wp-json\/wp\/v2\/comments?post=11006"}],"version-history":[{"count":0,"href":"https:\/\/247stiri.ro\/index.php\/wp-json\/wp\/v2\/posts\/11006\/revisions"}],"wp:featuredmedia":[{"embeddable":true,"href":"https:\/\/247stiri.ro\/index.php\/wp-json\/wp\/v2\/media\/11007"}],"wp:attachment":[{"href":"https:\/\/247stiri.ro\/index.php\/wp-json\/wp\/v2\/media?parent=11006"}],"wp:term":[{"taxonomy":"category","embeddable":true,"href":"https:\/\/247stiri.ro\/index.php\/wp-json\/wp\/v2\/categories?post=11006"},{"taxonomy":"post_tag","embeddable":true,"href":"https:\/\/247stiri.ro\/index.php\/wp-json\/wp\/v2\/tags?post=11006"}],"curies":[{"name":"wp","href":"https:\/\/api.w.org\/{rel}","templated":true}]}}