{"id":11018,"date":"2024-11-26T08:45:04","date_gmt":"2024-11-26T08:45:04","guid":{"rendered":"https:\/\/247stiri.ro\/index.php\/2024\/11\/26\/cum-arata-programul-economic-propus-de-calin-georgescu-candidatul-independent-vrea-sa-descatuseze-energiile-in-romania\/"},"modified":"2024-11-26T08:45:04","modified_gmt":"2024-11-26T08:45:04","slug":"cum-arata-programul-economic-propus-de-calin-georgescu-candidatul-independent-vrea-sa-descatuseze-energiile-in-romania","status":"publish","type":"post","link":"https:\/\/247stiri.ro\/index.php\/2024\/11\/26\/cum-arata-programul-economic-propus-de-calin-georgescu-candidatul-independent-vrea-sa-descatuseze-energiile-in-romania\/","title":{"rendered":"Cum arat\u0103 PROGRAMUL ECONOMIC propus de C\u0103lin Georgescu. Candidatul independent vrea s\u0103 &#8222;desc\u0103tu\u0219eze energiile \u00een Rom\u00e2nia&#8221;"},"content":{"rendered":"<p>Planul suvernaist pe care \u00eel propune candidatul care a ob\u021binut cele mai multe voturi \u00een primul tur al alegerilor preziden\u021biale vizeaz\u0103, \u00een principal, schimbarea total\u0103 a modelului economic \u0219i politic.\u00a0<\/p>\n<p>Astfel, C\u0103lin Georgescu spune c\u0103 vrea s\u0103 schimbe sistemul \u0219i s\u0103 creeze cooperative pentru agricultori. De asemenea, s\u0103 redirec\u021bioneze fondurile europene c\u0103tre micul proprietar \u0219i s\u0103 redimensioneze sistemul politic \u0219i administrativ.\u00a0<\/p>\n<p>Acestea sunt \u00eens\u0103 doar c\u00e2teva dintre propunerile formulate \u00een acest plan. Georgescu spune c\u0103 &#8222;trebuie desc\u0103tu\u0219ate energiile \u00een Rom\u00e2nia&#8221;.\u00a0<\/p>\n<p>Vedem un plan mai mult bazat pe spiritualitate, am putea spune, potrivit propriilor afirma\u021bii.<\/p>\n<p>M\u0103surile pe care \u00eens\u0103 C\u0103lin Georgescu le propune contravin \u00eens\u0103 planurilor pe care Rom\u00e2nia \u0219i le-a asumat \u00een fa\u021ba Comisiei Europene.<\/p>\n<p>Dup\u0103 ce au fost num\u0103rate toate voturile din turul 1 al alegerilor preziden\u021biale C\u0103lin Georgescu a ob\u021binut un procent de 22,95%, a\u0219adar va merge \u00een turul 2 \u0219i se va bate pentru fotoliul de la Cotroceni cu Elena Lasconi.\u00a0<\/p>","protected":false},"excerpt":{"rendered":"<p>Planul suvernaist pe care \u00eel propune candidatul care a ob\u021binut cele mai multe voturi \u00een&hellip;<\/p>\n","protected":false},"author":0,"featured_media":11019,"comment_status":"open","ping_status":"open","sticky":false,"template":"","format":"standard","meta":{"footnotes":""},"categories":[3],"tags":[],"class_list":["post-11018","post","type-post","status-publish","format-standard","has-post-thumbnail","hentry","category-politica"],"_links":{"self":[{"href":"https:\/\/247stiri.ro\/index.php\/wp-json\/wp\/v2\/posts\/11018","targetHints":{"allow":["GET"]}}],"collection":[{"href":"https:\/\/247stiri.ro\/index.php\/wp-json\/wp\/v2\/posts"}],"about":[{"href":"https:\/\/247stiri.ro\/index.php\/wp-json\/wp\/v2\/types\/post"}],"replies":[{"embeddable":true,"href":"https:\/\/247stiri.ro\/index.php\/wp-json\/wp\/v2\/comments?post=11018"}],"version-history":[{"count":0,"href":"https:\/\/247stiri.ro\/index.php\/wp-json\/wp\/v2\/posts\/11018\/revisions"}],"wp:featuredmedia":[{"embeddable":true,"href":"https:\/\/247stiri.ro\/index.php\/wp-json\/wp\/v2\/media\/11019"}],"wp:attachment":[{"href":"https:\/\/247stiri.ro\/index.php\/wp-json\/wp\/v2\/media?parent=11018"}],"wp:term":[{"taxonomy":"category","embeddable":true,"href":"https:\/\/247stiri.ro\/index.php\/wp-json\/wp\/v2\/categories?post=11018"},{"taxonomy":"post_tag","embeddable":true,"href":"https:\/\/247stiri.ro\/index.php\/wp-json\/wp\/v2\/tags?post=11018"}],"curies":[{"name":"wp","href":"https:\/\/api.w.org\/{rel}","templated":true}]}}