{"id":11020,"date":"2024-11-26T08:45:05","date_gmt":"2024-11-26T08:45:05","guid":{"rendered":"https:\/\/247stiri.ro\/index.php\/2024\/11\/26\/seful-de-la-imigrari-ialomita-trimis-in-instanta-pentru-luare-de-mita-barbatul-si-a-recunoscut-fapta-in-fata-procurorilor-dna\/"},"modified":"2024-11-26T08:45:05","modified_gmt":"2024-11-26T08:45:05","slug":"seful-de-la-imigrari-ialomita-trimis-in-instanta-pentru-luare-de-mita-barbatul-si-a-recunoscut-fapta-in-fata-procurorilor-dna","status":"publish","type":"post","link":"https:\/\/247stiri.ro\/index.php\/2024\/11\/26\/seful-de-la-imigrari-ialomita-trimis-in-instanta-pentru-luare-de-mita-barbatul-si-a-recunoscut-fapta-in-fata-procurorilor-dna\/","title":{"rendered":"\u015eeful de la Imigr\u0103ri Ialomi\u0163a, trimis \u00een instan\u0163\u0103 pentru luare de MIT\u0102. B\u0103rbatul \u0219i-a recunoscut fapta \u00een fa\u021ba procurorilor DNA"},"content":{"rendered":"<p>Procurorii din cadrul Direc\u0163iei Na\u0163ionale Anticorup\u0163ie &#8211; Sec\u0163ia de combatere a infrac\u0163iunilor asimilate infrac\u0163iunilor de corup\u0163ie au dispus sesizarea instan\u0163ei de judecat\u0103 cu acordul de recunoa\u015ftere a vinov\u0103\u0163iei a lui Rare\u015f-Gabriel Bulimej, comisar \u015fef de poli\u0163ie, \u00eemputernicit \u015fef al Biroului pentru Imigr\u0103ri al Jude\u0163ului Ialomi\u0163a, aflat \u00een stare de arest preventiv, pentru s\u0103v\u00e2r\u015firea infrac\u0163iunii de luare de mit\u0103 \u00een form\u0103 continuat\u0103 (trei acte materiale), anun\u021b\u0103 DNA \u00eentr-un comunicat.<\/p>\n<p>Procurorii noteaz\u0103 \u00een acordul de recunoa\u015ftere a vinov\u0103\u0163iei c\u0103, \u00een perioada 2023 &#8211; 2024, Rare\u015f-Gabriel Bulimej, \u00een calitate de \u00eemputernicit \u015fef al Biroului pentru Imigr\u0103ri al Jude\u0163ului Ialomi\u0163a, ar fi acceptat de la Bogdan Ni\u0163\u0103, agent de poli\u0163ie \u00een cadrul Inspectoratului General pentru Imigr\u0103ri &#8211; Direc\u0163ia pentru Imigr\u0103ri a Municipiului Bucure\u015fti, promisiunea primirii unor sume de bani, \u00een schimbul urgent\u0103rii unor acte ce intrau \u00een \u00eendatoririle sale de serviciu, respectiv ale mai multor program\u0103ri ale cererilor de depunere a avizelor de munc\u0103 \/ angajare pentru cet\u0103\u0163enii str\u0103ini din \u0163\u0103rile din afara spa\u0163iului Uniunii Europene \u015fi, implicit, al urgent\u0103rii solu\u0163ion\u0103rii acestor cereri \u015fi pentru eliberarea \u00een mod preferen\u0163ial a acestor avize pe numele \u015fi pe seama mai multor societ\u0103\u0163i comerciale.<\/p>\n<p>&#8222;Astfel, \u00een perioada men\u0163ionat\u0103 anterior, inculpatul Rare\u015f-Gabriel Bulimej ar fi acceptat, cu titlul de mit\u0103, suma total\u0103 de 7.000 de euro \u015fi 1.281 de lei (reprezent\u00e2nd contravaloarea repara\u0163iei unui autoturism) de la inculpatul Ni\u0163\u0103 Bogdan, pentru a urgenta solu\u0163ionarea a 38 de dosare privind solicitarea eliber\u0103rii avizelor de munc\u0103 \/ angajare pentru cet\u0103\u0163eni str\u0103ini, \u00een numele \u015fi pe seama a trei societ\u0103\u0163i comerciale&#8221;, men\u0163ioneaz\u0103 anchetatorii.<\/p>\n<p>Totodat\u0103, la data de 3 octombrie, Rare\u015f-Gabriel Bulimej ar fi acceptat, cu titlul de mit\u0103, suma de 12.000 de euro de la Bogdan Ni\u0163\u0103, pentru a urgenta solu\u0163ionarea a 50 de dosare privind solicitarea eliber\u0103rii avizelor de munc\u0103 \/ angajare pentru cet\u0103\u0163eni str\u0103ini \u015fi pentru eliberarea \u00eentr-un termen rapid \u015fi \u00een mod preferen\u0163ial a acestor avize, ocazie cu care s-a procedat la constatarea infrac\u0163iunii flagrante, spun procurorii.<\/p>\n<p>Conform DNA, \u00een prezen\u0163a avocatului, Rare\u015f-Gabriel Bulimej a declarat expres c\u0103 recunoa\u015fte comiterea faptei re\u0163inute \u00een sarcina sa, accept\u0103 \u00eencadrarea juridic\u0103 pentru care a fost pus\u0103 \u00een mi\u015fcare ac\u0163iunea penal\u0103 \u015fi este de acord cu felul \u015fi cuantumul pedepsei aplicate, precum \u015fi cu forma de executare a acesteia, respectiv 3 ani \u00eenchisoare cu suspendarea execut\u0103rii pedepsei pe durata unui termen de supraveghere de 3 ani \u015fi interzicerea, pe o perioad\u0103 de 3 ani de la r\u0103m\u00e2nerea definitiv\u0103 a hot\u0103r\u00e2rii de condamnare prin care s-a dispus suspendarea execut\u0103rii pedepsei sub supraveghere, a unor drepturi.<\/p>\n<p>&#8222;Pe parcursul termenului de supraveghere, inculpatul va presta o munc\u0103 neremunerat\u0103 \u00een folosul comunit\u0103\u0163ii pe perioad\u0103 de 90 de zile, la Consiliul Local Municipal Br\u0103ila &#8211; Serviciul de utilitate public\u0103, administrare \u015fi gospod\u0103rie local\u0103 Br\u0103ila sau la Direc\u0163ia Jude\u0163ean\u0103 pentru Cultur\u0103 (DJC) Br\u0103ila&#8221;, arat\u0103 anchetatorii.<\/p>\n<p>Dosarul de urm\u0103rire penal\u0103 privindu-l pe Bulimej \u00eempreun\u0103 cu acordul de recunoa\u015ftere a vinov\u0103\u0163iei au fost \u00eenaintate la Tribunalul Br\u0103ila cu propunerea de a se men\u0163ine m\u0103sura asiguratorie dispus\u0103 \u00een cauz\u0103.<\/p>","protected":false},"excerpt":{"rendered":"<p>Procurorii din cadrul Direc\u0163iei Na\u0163ionale Anticorup\u0163ie &#8211; Sec\u0163ia de combatere a infrac\u0163iunilor asimilate infrac\u0163iunilor de&hellip;<\/p>\n","protected":false},"author":0,"featured_media":11021,"comment_status":"open","ping_status":"open","sticky":false,"template":"","format":"standard","meta":{"footnotes":""},"categories":[2],"tags":[],"class_list":["post-11020","post","type-post","status-publish","format-standard","has-post-thumbnail","hentry","category-actual"],"_links":{"self":[{"href":"https:\/\/247stiri.ro\/index.php\/wp-json\/wp\/v2\/posts\/11020","targetHints":{"allow":["GET"]}}],"collection":[{"href":"https:\/\/247stiri.ro\/index.php\/wp-json\/wp\/v2\/posts"}],"about":[{"href":"https:\/\/247stiri.ro\/index.php\/wp-json\/wp\/v2\/types\/post"}],"replies":[{"embeddable":true,"href":"https:\/\/247stiri.ro\/index.php\/wp-json\/wp\/v2\/comments?post=11020"}],"version-history":[{"count":0,"href":"https:\/\/247stiri.ro\/index.php\/wp-json\/wp\/v2\/posts\/11020\/revisions"}],"wp:featuredmedia":[{"embeddable":true,"href":"https:\/\/247stiri.ro\/index.php\/wp-json\/wp\/v2\/media\/11021"}],"wp:attachment":[{"href":"https:\/\/247stiri.ro\/index.php\/wp-json\/wp\/v2\/media?parent=11020"}],"wp:term":[{"taxonomy":"category","embeddable":true,"href":"https:\/\/247stiri.ro\/index.php\/wp-json\/wp\/v2\/categories?post=11020"},{"taxonomy":"post_tag","embeddable":true,"href":"https:\/\/247stiri.ro\/index.php\/wp-json\/wp\/v2\/tags?post=11020"}],"curies":[{"name":"wp","href":"https:\/\/api.w.org\/{rel}","templated":true}]}}