{"id":11022,"date":"2024-11-26T08:45:05","date_gmt":"2024-11-26T08:45:05","guid":{"rendered":"https:\/\/247stiri.ro\/index.php\/2024\/11\/26\/accident-tragic-in-dolj-un-baiat-de-14-ani-si-a-pierdut-viata-dupa-ce-o-masina-s-a-rasturnat-in-sant\/"},"modified":"2024-11-26T08:45:05","modified_gmt":"2024-11-26T08:45:05","slug":"accident-tragic-in-dolj-un-baiat-de-14-ani-si-a-pierdut-viata-dupa-ce-o-masina-s-a-rasturnat-in-sant","status":"publish","type":"post","link":"https:\/\/247stiri.ro\/index.php\/2024\/11\/26\/accident-tragic-in-dolj-un-baiat-de-14-ani-si-a-pierdut-viata-dupa-ce-o-masina-s-a-rasturnat-in-sant\/","title":{"rendered":"Accident tragic \u00een Dolj: un b\u0103iat de 14 ani \u0219i-a pierdut via\u021ba dup\u0103 ce o ma\u0219in\u0103 s-a r\u0103sturnat \u00een \u0219an\u021b"},"content":{"rendered":"<p>Din nefericire, un b\u0103iat de 14 ani, aflat pe locul din dreapta fa\u021b\u0103, a murit <a href=\"https:\/\/www.realitatea.net\/stiri\/actual\/accident-mortal-pe-dn-7-moarte-cumplita-pentru-un-barbat-dupa-ce-a-fost-lovit-de-o-autoutilitara_6745794dc653471e8e1736e2\" target=\"_blank\">\u00een urma incidentului.<\/a><\/p>\n<p>Cum s-a produs tragedia<\/p>\n<p>Potrivit Inspectoratului de Poli\u021bie Jude\u021bean (IPJ) Dolj, \u0219oferul, un b\u0103rbat de 43 de ani, a pierdut controlul direc\u021biei din motive care urmeaz\u0103 s\u0103 fie clarificate \u00een cadrul investiga\u021biilor. Vehiculul a ie\u0219it de pe \u0219osea \u0219i s-a r\u0103sturnat, provoc\u00e2nd tragedia.<\/p>\n<p>Adolescentul, care se afla \u00een calitate de pasager, a suferit r\u0103ni fatale \u0219i a fost declarat decedat la fa\u021ba locului. \u0218oferul, de\u0219i r\u0103nit, era con\u0219tient \u0219i a fost transportat la spital pentru \u00eengrijiri medicale.<\/p>\n<p>Poli\u021bia a deschis un dosar penal pentru ucidere din culp\u0103 \u0219i v\u0103t\u0103mare corporal\u0103 din culp\u0103. Totodat\u0103, \u0219oferului i se vor recolta probe biologice pentru a determina dac\u0103 se afla sub influen\u021ba alcoolului sau a altor substan\u021be, av\u00e2nd \u00een vedere c\u0103 nu a putut fi testat la fa\u021ba locului.<\/p>\n<p>\u00cen plus, o expertiz\u0103 medico-legal\u0103 urmeaz\u0103 s\u0103 stabileasc\u0103 cauza exact\u0103 a decesului adolescentului, iar poli\u021bi\u0219tii continu\u0103 cercet\u0103rile pentru a reconstitui cu <a href=\"https:\/\/www.realitatea.net\/stiri\/actual\/barbat-retinut-dupa-ce-sa-urcat-la-volan-beat-si-fara-permis-si-a-produs-un-accident-rutier-o-adolescenta-de-14-ani-a-ajuns-la-spital_67445bdb20788712462d0c52\" target=\"_blank\">precizie dinamica accidentului.<\/a><\/p>","protected":false},"excerpt":{"rendered":"<p>Din nefericire, un b\u0103iat de 14 ani, aflat pe locul din dreapta fa\u021b\u0103, a murit&hellip;<\/p>\n","protected":false},"author":0,"featured_media":11023,"comment_status":"open","ping_status":"open","sticky":false,"template":"","format":"standard","meta":{"footnotes":""},"categories":[2],"tags":[],"class_list":["post-11022","post","type-post","status-publish","format-standard","has-post-thumbnail","hentry","category-actual"],"_links":{"self":[{"href":"https:\/\/247stiri.ro\/index.php\/wp-json\/wp\/v2\/posts\/11022","targetHints":{"allow":["GET"]}}],"collection":[{"href":"https:\/\/247stiri.ro\/index.php\/wp-json\/wp\/v2\/posts"}],"about":[{"href":"https:\/\/247stiri.ro\/index.php\/wp-json\/wp\/v2\/types\/post"}],"replies":[{"embeddable":true,"href":"https:\/\/247stiri.ro\/index.php\/wp-json\/wp\/v2\/comments?post=11022"}],"version-history":[{"count":0,"href":"https:\/\/247stiri.ro\/index.php\/wp-json\/wp\/v2\/posts\/11022\/revisions"}],"wp:featuredmedia":[{"embeddable":true,"href":"https:\/\/247stiri.ro\/index.php\/wp-json\/wp\/v2\/media\/11023"}],"wp:attachment":[{"href":"https:\/\/247stiri.ro\/index.php\/wp-json\/wp\/v2\/media?parent=11022"}],"wp:term":[{"taxonomy":"category","embeddable":true,"href":"https:\/\/247stiri.ro\/index.php\/wp-json\/wp\/v2\/categories?post=11022"},{"taxonomy":"post_tag","embeddable":true,"href":"https:\/\/247stiri.ro\/index.php\/wp-json\/wp\/v2\/tags?post=11022"}],"curies":[{"name":"wp","href":"https:\/\/api.w.org\/{rel}","templated":true}]}}