{"id":11029,"date":"2024-11-26T08:45:06","date_gmt":"2024-11-26T08:45:06","guid":{"rendered":"https:\/\/247stiri.ro\/index.php\/2024\/11\/26\/conflictul-din-orientul-mijlociu-escaladeaza-noi-atacuri-ce-se-intampla-cu-israelul\/"},"modified":"2024-11-26T08:45:06","modified_gmt":"2024-11-26T08:45:06","slug":"conflictul-din-orientul-mijlociu-escaladeaza-noi-atacuri-ce-se-intampla-cu-israelul","status":"publish","type":"post","link":"https:\/\/247stiri.ro\/index.php\/2024\/11\/26\/conflictul-din-orientul-mijlociu-escaladeaza-noi-atacuri-ce-se-intampla-cu-israelul\/","title":{"rendered":"Conflictul din Orientul Mijlociu escaladeaz\u0103. Noi atacuri. Ce se \u00eent\u00e2mpl\u0103 cu Israelul"},"content":{"rendered":"<p>Conflictul din Orientul Mijlociu escaladeaz\u0103 alarmant. Gruparea Hezbollah a anun\u021bat c\u0103 a lovit, pentru prima dat\u0103, baza naval\u0103 Ashdod din sudul Israelului.<\/p>\n<p>De asemenea, gruparea a transmis c\u0103 a realizat o opera\u021biune \u00eempotriva unei \u021binte militare din Tel Aviv prin intermediul rachetelor avansate \u0219i al dronelor de atac. \u00cen plus, surse libaneze au transmis c\u0103 Joe Biden \u0219i Emmanuel Macron urmeaz\u0103 s\u0103 anun\u021be armisti\u021biul dintre Israel \u0219i gruparea Hezbollah.\u00a0<\/p>\n<p>A fost alert\u0103 uria\u0219\u0103 \u00een centrul \u0219i nordul Israelului dup\u0103 un atac orchestrat de gruparea Hezbollah. Anterior, sirenele de raid aerian au r\u0103sunat inclusiv \u00een suburbiile ora\u0219ului Tel Aviv.Militarii israelieni au declarat ulterior c\u0103 au interceptat o parte din cele aproximativ 55 de rachete lansate spre nordul \u021b\u0103rii \u0219i au mai spus c\u0103 Hezbollah ar fi trimis peste 160 de proiectile.Pre\u0219edintele american Joe Biden \u0219i pre\u0219edintele francez Emmanuel Macron sunt a\u0219tepta\u021bi s\u0103 anun\u021be o \u00eencetare a focului \u00een Liban. Inclusiv purt\u0103torul de cuv\u00e2nt al Casei Albe, John Kirby, a transmis c\u0103 armisti\u021biul este pe cale s\u0103 fie aplicat \u0219i ca progresele sunt foarte mari. Declara\u021bia a fost f\u0103cut\u0103 \u00een contextul unei discu\u021bi privind \u00eencetarea focului, care a \u00eenregistrat progrese masive.Dup\u0103 aproape un an de schimburi de focuri, Israelul a intensificat atacurile aeriene asupra Libanului \u00een urm\u0103 cu 2 luni. \u00cen acela\u0219i timp, a trimis trupe terestre \u00een aceea\u0219i regiune o s\u0103pt\u0103m\u00e2n\u0103 mai t\u00e2rziu. Potrivit autorit\u0103\u021bilor din Israel, atacurile au ucis peste 3500 de persoane \u00een Liban, iar luptele au for\u021bat str\u0103mutarea a peste 1,2 milioane de cet\u0103\u021beni.\u00a0<\/p>","protected":false},"excerpt":{"rendered":"<p>Conflictul din Orientul Mijlociu escaladeaz\u0103 alarmant. Gruparea Hezbollah a anun\u021bat c\u0103 a lovit, pentru prima&hellip;<\/p>\n","protected":false},"author":0,"featured_media":11014,"comment_status":"open","ping_status":"open","sticky":false,"template":"","format":"standard","meta":{"footnotes":""},"categories":[2],"tags":[],"class_list":["post-11029","post","type-post","status-publish","format-standard","has-post-thumbnail","hentry","category-actual"],"_links":{"self":[{"href":"https:\/\/247stiri.ro\/index.php\/wp-json\/wp\/v2\/posts\/11029","targetHints":{"allow":["GET"]}}],"collection":[{"href":"https:\/\/247stiri.ro\/index.php\/wp-json\/wp\/v2\/posts"}],"about":[{"href":"https:\/\/247stiri.ro\/index.php\/wp-json\/wp\/v2\/types\/post"}],"replies":[{"embeddable":true,"href":"https:\/\/247stiri.ro\/index.php\/wp-json\/wp\/v2\/comments?post=11029"}],"version-history":[{"count":0,"href":"https:\/\/247stiri.ro\/index.php\/wp-json\/wp\/v2\/posts\/11029\/revisions"}],"wp:featuredmedia":[{"embeddable":true,"href":"https:\/\/247stiri.ro\/index.php\/wp-json\/wp\/v2\/media\/11014"}],"wp:attachment":[{"href":"https:\/\/247stiri.ro\/index.php\/wp-json\/wp\/v2\/media?parent=11029"}],"wp:term":[{"taxonomy":"category","embeddable":true,"href":"https:\/\/247stiri.ro\/index.php\/wp-json\/wp\/v2\/categories?post=11029"},{"taxonomy":"post_tag","embeddable":true,"href":"https:\/\/247stiri.ro\/index.php\/wp-json\/wp\/v2\/tags?post=11029"}],"curies":[{"name":"wp","href":"https:\/\/api.w.org\/{rel}","templated":true}]}}