{"id":11041,"date":"2024-11-26T09:45:24","date_gmt":"2024-11-26T09:45:24","guid":{"rendered":"https:\/\/247stiri.ro\/index.php\/2024\/11\/26\/vacanta-de-iarna-2024-2025-perioada-in-care-elevii-si-angajatii-vor-fi-liberi\/"},"modified":"2024-11-26T09:45:24","modified_gmt":"2024-11-26T09:45:24","slug":"vacanta-de-iarna-2024-2025-perioada-in-care-elevii-si-angajatii-vor-fi-liberi","status":"publish","type":"post","link":"https:\/\/247stiri.ro\/index.php\/2024\/11\/26\/vacanta-de-iarna-2024-2025-perioada-in-care-elevii-si-angajatii-vor-fi-liberi\/","title":{"rendered":"Vacan\u021ba de iarn\u0103 2024-2025: Perioada \u00een care elevii \u0219i angaja\u021bii vor fi liberi"},"content":{"rendered":"<p>C\u00e2nd vor avea elevii vacan\u021b\u0103 de iarn\u0103<\/p>\n<p><a href=\"https:\/\/www.realitatea.net\/stiri\/actual\/vacanta-scolara-octombrie-2024-vineri-ultima-zi-de-cursuri-de-luni-7-zile-de-liber-pentru-elevi_671b3d329059c51c7466754e\" target=\"_blank\">Potrivit structurii anului \u0219colar<\/a> 2024-2025, vacan\u021ba de iarn\u0103 pentru elevi va \u00eencepe pe 21 decembrie 2024 \u0219i se va \u00eencheia pe 7 ianuarie 2025, inclusiv. Cursurile se vor relua miercuri, 8 ianuarie 2025. Aceast\u0103 vacan\u021b\u0103 include zilele libere legale pentru Cr\u0103ciun, Anul Nou, Boboteaz\u0103 \u0219i Sf\u00e2ntul Ioan, astfel \u00eenc\u00e2t elevii \u0219i cadrele didactice vor avea o pauz\u0103 de 18 zile consecutive.<\/p>\n<p>Zile libere pentru angaja\u021bi<\/p>\n<p>Pentru angaja\u021bi, legisla\u021bia prevede zile libere legale \u00een urm\u0103toarele date:<\/p>\n<p>25 \u0219i 26 decembrie 2024 (prima \u0219i a doua zi de Cr\u0103ciun);1 \u0219i 2 ianuarie 2025 (prima \u0219i a doua zi a Anului Nou);6 \u0219i 7 ianuarie 2025 (Boboteaz\u0103 \u0219i Sf\u00e2ntul Ioan).<\/p>\n<p>De\u0219i aceste zile sunt oficial libere, posibilitatea de a lega Boboteaza \u0219i Sf\u00e2ntul Ioan de weekend poate depinde de politica fiec\u0103rui angajator.<\/p>\n<p>Structura anului \u0219colar 2024-2025<\/p>\n<p><a href=\"https:\/\/www.realitatea.net\/stiri\/educatie\/cand-iau-vacanta-copiii-in-luna-octombrie-in-ce-zi-se-intorc-in-banci-dupa-vacanta-de-toamna-si-cat-dureaza_670f8928a43a9f5184492f2f\" target=\"_blank\">Anul \u0219colar 2024-2025<\/a> are o durat\u0103 de 34 de s\u0103pt\u0103m\u00e2ni \u0219i este \u00eemp\u0103r\u021bit \u00een semestre:<\/p>\n<p>Semestrul I: 15 septembrie 2024 \u2013 20 decembrie 2024;Semestrul II: 12 ianuarie 2025 \u2013 14 iunie 2025.<\/p>\n<p>Elevii vor beneficia de urm\u0103toarele vacan\u021be:<\/p>\n<p>Vacan\u021ba de iarn\u0103: 21 decembrie 2024 \u2013 7 ianuarie 2025;Vacan\u021ba intersemestrial\u0103: 1 februarie \u2013 9 februarie 2025;Vacan\u021ba de prim\u0103var\u0103: 5 aprilie \u2013 21 aprilie 2025;Vacan\u021ba de var\u0103: \u00eencepe pe 14 iunie 2025 \u0219i se \u00eencheie pe 15 septembrie 2025.<\/p>\n<p>Perioada s\u0103rb\u0103torilor de iarn\u0103 aduce o binemeritat\u0103 pauz\u0103 pentru elevi, profesori \u0219i o parte dintre angaja\u021bi.<\/p>\n<p>\u00a0<\/p>\n<p>\u00a0<\/p>","protected":false},"excerpt":{"rendered":"<p>C\u00e2nd vor avea elevii vacan\u021b\u0103 de iarn\u0103 Potrivit structurii anului \u0219colar 2024-2025, vacan\u021ba de iarn\u0103&hellip;<\/p>\n","protected":false},"author":0,"featured_media":11042,"comment_status":"open","ping_status":"open","sticky":false,"template":"","format":"standard","meta":{"footnotes":""},"categories":[8],"tags":[],"class_list":["post-11041","post","type-post","status-publish","format-standard","has-post-thumbnail","hentry","category-lifestyle"],"_links":{"self":[{"href":"https:\/\/247stiri.ro\/index.php\/wp-json\/wp\/v2\/posts\/11041","targetHints":{"allow":["GET"]}}],"collection":[{"href":"https:\/\/247stiri.ro\/index.php\/wp-json\/wp\/v2\/posts"}],"about":[{"href":"https:\/\/247stiri.ro\/index.php\/wp-json\/wp\/v2\/types\/post"}],"replies":[{"embeddable":true,"href":"https:\/\/247stiri.ro\/index.php\/wp-json\/wp\/v2\/comments?post=11041"}],"version-history":[{"count":0,"href":"https:\/\/247stiri.ro\/index.php\/wp-json\/wp\/v2\/posts\/11041\/revisions"}],"wp:featuredmedia":[{"embeddable":true,"href":"https:\/\/247stiri.ro\/index.php\/wp-json\/wp\/v2\/media\/11042"}],"wp:attachment":[{"href":"https:\/\/247stiri.ro\/index.php\/wp-json\/wp\/v2\/media?parent=11041"}],"wp:term":[{"taxonomy":"category","embeddable":true,"href":"https:\/\/247stiri.ro\/index.php\/wp-json\/wp\/v2\/categories?post=11041"},{"taxonomy":"post_tag","embeddable":true,"href":"https:\/\/247stiri.ro\/index.php\/wp-json\/wp\/v2\/tags?post=11041"}],"curies":[{"name":"wp","href":"https:\/\/api.w.org\/{rel}","templated":true}]}}