{"id":11110,"date":"2024-11-26T12:44:49","date_gmt":"2024-11-26T12:44:49","guid":{"rendered":"https:\/\/247stiri.ro\/index.php\/2024\/11\/26\/noile-autospeciale-ale-politiei-rutiere-primele-imagini-cu-masinile-de-interventie-si-de-patrulare-ale-oamenilor-legii\/"},"modified":"2024-11-26T12:44:49","modified_gmt":"2024-11-26T12:44:49","slug":"noile-autospeciale-ale-politiei-rutiere-primele-imagini-cu-masinile-de-interventie-si-de-patrulare-ale-oamenilor-legii","status":"publish","type":"post","link":"https:\/\/247stiri.ro\/index.php\/2024\/11\/26\/noile-autospeciale-ale-politiei-rutiere-primele-imagini-cu-masinile-de-interventie-si-de-patrulare-ale-oamenilor-legii\/","title":{"rendered":"Noile autospeciale ale Poli\u021biei Rutiere: Primele imagini cu ma\u0219inile de interven\u021bie \u0219i de patrulare ale oamenilor legii"},"content":{"rendered":"<p>Fotografiile, distribuite pe re\u021belele de socializare, arat\u0103 autospecialele \u00een culorile caracteristice Poli\u021biei Rom\u00e2ne, echipate cu bare luminoase pe plafon \u0219i preg\u0103tite pentru a intra \u00een serviciu.<\/p>\n<p>Cum arat\u0103 noile ma\u0219ini<\/p>\n<p><a href=\"https:\/\/www.realitatea.net\/stiri\/actual\/dacia-duster-rechemata-in-service-in-sistemul-european-de-alerta-cate-masini-trebuie-verificate_67441a32438c2230c34fd342\" target=\"_blank\">Vehiculele Dacia Duster<\/a> III sunt personalizate cu \u00eensemnele oficiale ale Poli\u021biei Rutiere, av\u00e2nd o caroserie vopsit\u0103 \u00een culorile alb-albastru \u0219i fiind dotate cu sisteme de semnalizare luminoas\u0103 \u0219i, cel mai probabil, acustic\u0103. Din imagini, se observ\u0103 c\u0103 autospecialele dispun de jante de 18 inch, caracteristice versiunii Journey, ceea ce indic\u0103 o echipare modern\u0103 \u0219i robust\u0103.<\/p>\n<p>De\u0219i specifica\u021biile exacte ale motoriz\u0103rii pentru aceste autospeciale nu au fost confirmate, gama Dacia Duster III ofer\u0103 mai multe op\u021biuni:<\/p>\n<p>Motorul 1.0 Eco-G GPL de 100 CP, care poate func\u021biona \u0219i pe GPL.Motorul 1.2 turbo de 130 CP, disponibil cu trac\u021biune fa\u021b\u0103 sau integral\u0103 \u0219i transmisie manual\u0103 cu \u0219ase trepte.V\u00e2rful de gam\u0103 full-hybrid, cu un motor pe benzin\u0103 de 1.6 litri sus\u021binut de dou\u0103 motoare electrice, gener\u00e2nd o putere combinat\u0103 de 140 CP, asociat\u0103 exclusiv cu transmisia automat\u0103.<\/p>\n<p>Pentru nevoile Poli\u021biei, este posibil ca aceste vehicule s\u0103 fie echipate cu motorul turbo de 1.2 litri, care ofer\u0103 un echilibru \u00eentre performan\u021b\u0103 \u0219i eficien\u021b\u0103, al\u0103turi de trac\u021biunea integral\u0103 pentru condi\u021bii dificile de drum.<\/p>\n<p>Continuarea tradi\u021biei Duster \u00een serviciul public<\/p>\n<p><a href=\"https:\/\/www.realitatea.net\/stiri\/economie\/dacia-duster-in-finala-pentru-titlul-de-masina-anului-2025-in-europa-cu-ce-modele-concureaza_6741a2b2dbbd62391e403f98\" target=\"_blank\">Dacia Duster a demonstrat<\/a> de-a lungul anilor c\u0103 poate fi un vehicul de \u00eencredere pentru institu\u021biile statului, inclusiv Poli\u021bia Rom\u00e2n\u0103. Genera\u021bia a treia continu\u0103 aceast\u0103 tradi\u021bie, aduc\u00e2nd \u00eembun\u0103t\u0103\u021biri tehnice \u0219i un design actualizat.<\/p>\n<p>R\u0103m\u00e2ne de v\u0103zut c\u00e2nd noile autospeciale vor intra oficial \u00een serviciu \u0219i cum vor contribui acestea la eficientizarea activit\u0103\u021bii Poli\u021biei Rutiere.\u00a0<\/p>","protected":false},"excerpt":{"rendered":"<p>Fotografiile, distribuite pe re\u021belele de socializare, arat\u0103 autospecialele \u00een culorile caracteristice Poli\u021biei Rom\u00e2ne, echipate cu&hellip;<\/p>\n","protected":false},"author":0,"featured_media":11111,"comment_status":"open","ping_status":"open","sticky":false,"template":"","format":"standard","meta":{"footnotes":""},"categories":[2],"tags":[],"class_list":["post-11110","post","type-post","status-publish","format-standard","has-post-thumbnail","hentry","category-actual"],"_links":{"self":[{"href":"https:\/\/247stiri.ro\/index.php\/wp-json\/wp\/v2\/posts\/11110","targetHints":{"allow":["GET"]}}],"collection":[{"href":"https:\/\/247stiri.ro\/index.php\/wp-json\/wp\/v2\/posts"}],"about":[{"href":"https:\/\/247stiri.ro\/index.php\/wp-json\/wp\/v2\/types\/post"}],"replies":[{"embeddable":true,"href":"https:\/\/247stiri.ro\/index.php\/wp-json\/wp\/v2\/comments?post=11110"}],"version-history":[{"count":0,"href":"https:\/\/247stiri.ro\/index.php\/wp-json\/wp\/v2\/posts\/11110\/revisions"}],"wp:featuredmedia":[{"embeddable":true,"href":"https:\/\/247stiri.ro\/index.php\/wp-json\/wp\/v2\/media\/11111"}],"wp:attachment":[{"href":"https:\/\/247stiri.ro\/index.php\/wp-json\/wp\/v2\/media?parent=11110"}],"wp:term":[{"taxonomy":"category","embeddable":true,"href":"https:\/\/247stiri.ro\/index.php\/wp-json\/wp\/v2\/categories?post=11110"},{"taxonomy":"post_tag","embeddable":true,"href":"https:\/\/247stiri.ro\/index.php\/wp-json\/wp\/v2\/tags?post=11110"}],"curies":[{"name":"wp","href":"https:\/\/api.w.org\/{rel}","templated":true}]}}