{"id":11170,"date":"2024-11-26T15:45:04","date_gmt":"2024-11-26T15:45:04","guid":{"rendered":"https:\/\/247stiri.ro\/index.php\/2024\/11\/26\/academia-romana-nu-sustine-nicio-persoana-care-face-apologia-suveranismului-a-nationalismului-extremist-si-cu-atat-mai-grav-a-optiunilor-filoruse-si-filoputiniste\/"},"modified":"2024-11-26T15:45:04","modified_gmt":"2024-11-26T15:45:04","slug":"academia-romana-nu-sustine-nicio-persoana-care-face-apologia-suveranismului-a-nationalismului-extremist-si-cu-atat-mai-grav-a-optiunilor-filoruse-si-filoputiniste","status":"publish","type":"post","link":"https:\/\/247stiri.ro\/index.php\/2024\/11\/26\/academia-romana-nu-sustine-nicio-persoana-care-face-apologia-suveranismului-a-nationalismului-extremist-si-cu-atat-mai-grav-a-optiunilor-filoruse-si-filoputiniste\/","title":{"rendered":"Academia Rom\u00e2n\u0103 nu sus\u021bine nicio persoan\u0103 care face \u201eapologia suveranismului, a na\u0163ionalismului extremist \u015fi, cu at\u00e2t mai grav, a op\u0163iunilor filoruse \u015fi filoputiniste\u201d"},"content":{"rendered":"<p>\u201e\u00cen contextul alegerilor preziden\u0163iale \u015fi parlamentare care au loc \u00een Rom\u00e2nia \u015fi al ascensiunii unor for\u0163e politice antioccidentale, \u00eenso\u0163it\u0103 de spaim\u0103, dar \u015fi de acuze din partea presei, inclusiv la adresa Academiei Rom\u00e2ne, conducerea Academiei Rom\u00e2ne face urm\u0103toarele preciz\u0103ri: Academia Rom\u00e2n\u0103 respinge hot\u0103r\u00e2t orice acuz\u0103 care se aduce institu\u0163iei \u015fi pre\u015fedintelui acad. Ioan-Aurel Pop cu referire la o ipotetic\u0103 sus\u0163inere a ideilor nociv na\u0163ionaliste, antieuropene \u015fi anti-NATO\u201d.<\/p>\n<p>Potrivit forului, \u00een nenum\u0103rate r\u00e2nduri, at\u00e2t pre\u015fedintele Academiei Rom\u00e2ne, acad. Ioan-Aurel Pop, c\u00e2t \u015fi conducerea institu\u0163iei \u015fi \u00eentregul corp academic \u015fi-au declarat \u00een mod categoric op\u0163iunile democratice, prooccidentale. Integrarea euroatlantic\u0103 a Rom\u00e2niei este singura garan\u0163ie a p\u0103str\u0103rii independen\u0163ei statului rom\u00e2n \u015fi a libert\u0103\u0163ilor democratice cucerite cu jertf\u0103 \u00een decembrie 1989.<\/p>\n<p>Asocierea pripit\u0103 a Academiei Rom\u00e2ne cu ideile suveraniste \u015fi filoruse este r\u0103uvoitoare, nedreapt\u0103 \u015fi chiar periculoas\u0103. Academicianul Ioan-Aurel Pop, istoric reputat, a afirmat \u00een multiple ocazii c\u0103 amenin\u0163area cea mai mare la adresa Rom\u00e2niei a constituit-o \u00eentotdeauna \u00een istorie colosul rusesc, cu permanenta sa aspira\u0163ie imperialist\u0103. Pozi\u0163ia noastr\u0103 geopolitic\u0103, \u00eentr-o zon\u0103 sensibil\u0103, la grani\u0163a de est a democra\u0163iei europene, amenin\u0163at\u0103 de r\u0103zboiul pe care Rusia \u00eel poart\u0103 \u00eempotriva Ucrainei, impune Rom\u00e2niei o atitudine ferm\u0103 pro-NATO \u015fi excluderea ideii de neutralitate.<\/p>\n<p>\u201eInstitu\u0163ia noastr\u0103 se dezice complet \u015fi cu hot\u0103r\u00e2re de orice persoan\u0103 care face, \u00een numele Academiei Rom\u00e2ne, apologia suveranismului, a na\u0163ionalismului extremist \u015fi, cu at\u00e2t mai grav, a op\u0163iunilor filoruse \u015fi filoputiniste. Nu suntem de acord cu nicio manifestare conspira\u0163ionist\u0103, care pune \u00een pericol libert\u0103\u0163ile democratice \u015fi siguran\u0163a statului rom\u00e2n\u201d.<\/p>\n<p>Academia Rom\u00e2n\u0103\u00a0 transmite societ\u0103\u0163ii rom\u00e2ne\u015fti, institu\u0163iilor statului, presei \u015fi tuturor for\u0163elor democratice din \u0163ara noastr\u0103 \u00eendemnul la maturitate, luciditate \u015fi discern\u0103m\u00e2nt, pentru ap\u0103rarea responsabil\u0103 \u015fi solidar\u0103 a valorilor democratice, pentru a nu pune \u00een pericol viitorul copiilor no\u015ftri.<\/p>","protected":false},"excerpt":{"rendered":"<p>\u201e\u00cen contextul alegerilor preziden\u0163iale \u015fi parlamentare care au loc \u00een Rom\u00e2nia \u015fi al ascensiunii unor&hellip;<\/p>\n","protected":false},"author":0,"featured_media":11171,"comment_status":"open","ping_status":"open","sticky":false,"template":"","format":"standard","meta":{"footnotes":""},"categories":[2],"tags":[],"class_list":["post-11170","post","type-post","status-publish","format-standard","has-post-thumbnail","hentry","category-actual"],"_links":{"self":[{"href":"https:\/\/247stiri.ro\/index.php\/wp-json\/wp\/v2\/posts\/11170","targetHints":{"allow":["GET"]}}],"collection":[{"href":"https:\/\/247stiri.ro\/index.php\/wp-json\/wp\/v2\/posts"}],"about":[{"href":"https:\/\/247stiri.ro\/index.php\/wp-json\/wp\/v2\/types\/post"}],"replies":[{"embeddable":true,"href":"https:\/\/247stiri.ro\/index.php\/wp-json\/wp\/v2\/comments?post=11170"}],"version-history":[{"count":0,"href":"https:\/\/247stiri.ro\/index.php\/wp-json\/wp\/v2\/posts\/11170\/revisions"}],"wp:featuredmedia":[{"embeddable":true,"href":"https:\/\/247stiri.ro\/index.php\/wp-json\/wp\/v2\/media\/11171"}],"wp:attachment":[{"href":"https:\/\/247stiri.ro\/index.php\/wp-json\/wp\/v2\/media?parent=11170"}],"wp:term":[{"taxonomy":"category","embeddable":true,"href":"https:\/\/247stiri.ro\/index.php\/wp-json\/wp\/v2\/categories?post=11170"},{"taxonomy":"post_tag","embeddable":true,"href":"https:\/\/247stiri.ro\/index.php\/wp-json\/wp\/v2\/tags?post=11170"}],"curies":[{"name":"wp","href":"https:\/\/api.w.org\/{rel}","templated":true}]}}