{"id":11174,"date":"2024-11-26T16:44:50","date_gmt":"2024-11-26T16:44:50","guid":{"rendered":"https:\/\/247stiri.ro\/index.php\/2024\/11\/26\/elena-lasconi-iesirea-din-impasul-economic-nu-se-poate-face-decat-cu-un-guvern-de-centru-dreapta\/"},"modified":"2024-11-26T16:44:50","modified_gmt":"2024-11-26T16:44:50","slug":"elena-lasconi-iesirea-din-impasul-economic-nu-se-poate-face-decat-cu-un-guvern-de-centru-dreapta","status":"publish","type":"post","link":"https:\/\/247stiri.ro\/index.php\/2024\/11\/26\/elena-lasconi-iesirea-din-impasul-economic-nu-se-poate-face-decat-cu-un-guvern-de-centru-dreapta\/","title":{"rendered":"Elena Lasconi: \u201eIe\u0219irea din impasul economic nu se poate face dec\u00e2t cu un guvern de centru-dreapta\u201d"},"content":{"rendered":"<p>\u201eLe reamintesc rom\u00e2nilor c\u00e2t de importante sunt aceste alegeri parlamentare \u015fi dac\u0103 \u00eentr-adev\u0103r vrem s\u0103 reform\u0103m institu\u0163iile statului, s\u0103 t\u0103iem din cheltuielile inutile iar oamenii s\u0103 tr\u0103iasc\u0103 mai bine din munca lor, s\u0103 le r\u0103m\u00e2n\u0103 mai mul\u0163i bani \u00een buzunar, \u00eenseamn\u0103 c\u0103 exist\u0103 o singur\u0103 solu\u0163ie, de centru-dreapta, la guvernare\u201d, afirm\u0103 Elena Lasconi.<\/p>\n<p>\u00centrebat\u0103 dac\u0103 va colabora cu PSD, ea afirm\u0103: \u201eEu o s\u0103 colaborez cu toate partidele, pentru c\u0103 voi fi pre\u015fedintele Rom\u00e2niei \u015fi \u00eei reprezint pe to\u0163i rom\u00e2nii. Din respect pentru votul rom\u00e2nilor, eu voi discuta \u015fi voi sta la masa cu toate partidele, dar guvernare, ie\u015firea din acest impas economic \u00een care ne-a adus aceast\u0103 guvernare, nu se poate face dec\u00e2t cu un guvern de centru-dreapta\u201d.<\/p>\n<p>De asemenea, ea a fost chestionat\u0103 dac\u0103 ar numi un premier din partea PSD: \u201eHaide\u0163i s\u0103 a\u015ftept\u0103m ziua de 1 decembrie\u201d.<\/p>","protected":false},"excerpt":{"rendered":"<p>\u201eLe reamintesc rom\u00e2nilor c\u00e2t de importante sunt aceste alegeri parlamentare \u015fi dac\u0103 \u00eentr-adev\u0103r vrem s\u0103&hellip;<\/p>\n","protected":false},"author":0,"featured_media":11175,"comment_status":"open","ping_status":"open","sticky":false,"template":"","format":"standard","meta":{"footnotes":""},"categories":[3],"tags":[],"class_list":["post-11174","post","type-post","status-publish","format-standard","has-post-thumbnail","hentry","category-politica"],"_links":{"self":[{"href":"https:\/\/247stiri.ro\/index.php\/wp-json\/wp\/v2\/posts\/11174","targetHints":{"allow":["GET"]}}],"collection":[{"href":"https:\/\/247stiri.ro\/index.php\/wp-json\/wp\/v2\/posts"}],"about":[{"href":"https:\/\/247stiri.ro\/index.php\/wp-json\/wp\/v2\/types\/post"}],"replies":[{"embeddable":true,"href":"https:\/\/247stiri.ro\/index.php\/wp-json\/wp\/v2\/comments?post=11174"}],"version-history":[{"count":0,"href":"https:\/\/247stiri.ro\/index.php\/wp-json\/wp\/v2\/posts\/11174\/revisions"}],"wp:featuredmedia":[{"embeddable":true,"href":"https:\/\/247stiri.ro\/index.php\/wp-json\/wp\/v2\/media\/11175"}],"wp:attachment":[{"href":"https:\/\/247stiri.ro\/index.php\/wp-json\/wp\/v2\/media?parent=11174"}],"wp:term":[{"taxonomy":"category","embeddable":true,"href":"https:\/\/247stiri.ro\/index.php\/wp-json\/wp\/v2\/categories?post=11174"},{"taxonomy":"post_tag","embeddable":true,"href":"https:\/\/247stiri.ro\/index.php\/wp-json\/wp\/v2\/tags?post=11174"}],"curies":[{"name":"wp","href":"https:\/\/api.w.org\/{rel}","templated":true}]}}