{"id":11178,"date":"2024-11-26T16:44:51","date_gmt":"2024-11-26T16:44:51","guid":{"rendered":"https:\/\/247stiri.ro\/index.php\/2024\/11\/26\/stefan-mandachi-spune-ca-a-gresit-ca-l-a-votat-pe-calin-georgescu-nu-am-verificat-nu-rezonez-sub-nicio-forma-cu-viziunea-despre-nato\/"},"modified":"2024-11-26T16:44:51","modified_gmt":"2024-11-26T16:44:51","slug":"stefan-mandachi-spune-ca-a-gresit-ca-l-a-votat-pe-calin-georgescu-nu-am-verificat-nu-rezonez-sub-nicio-forma-cu-viziunea-despre-nato","status":"publish","type":"post","link":"https:\/\/247stiri.ro\/index.php\/2024\/11\/26\/stefan-mandachi-spune-ca-a-gresit-ca-l-a-votat-pe-calin-georgescu-nu-am-verificat-nu-rezonez-sub-nicio-forma-cu-viziunea-despre-nato\/","title":{"rendered":"\u0218tefan Mandachi spune c\u0103 a gre\u0219it c\u0103 l-a votat pe C\u0103lin Georgescu. \u201eNu am verificat. Nu rezonez sub nicio form\u0103 cu viziunea despre NATO\u201d"},"content":{"rendered":"<p>Dup\u0103 ce, luni seara, \u0218tefan Mandachi a infirmat c\u0103 ar fi printre sus\u021bin\u0103torii candidatului din turul doi, acesta spune azi c\u0103 a gre\u0219it vot\u00e2nd cu C\u0103lin Georgescu, care are un discurs pro-rus, putinist, legionar \u0219i anti-NATO. Spune c\u0103 \u201enu am verificat declara\u021biile candidatului\u201d.<\/p>\n<p>\u201eRecunosc c\u0103 am gre\u0219it, \u00eentruc\u00e2t nu am verificat toate declara\u021biile candidatului pe care l-am votat. Personal, am votat dintr-un sentiment de furie, \u00eendreptat \u00eempotriva \u00eentregii clase politice, f\u0103r\u0103 nicio excep\u021bie, vot \u00eempotriva sistemului, vot anti-partid. De aceea am ales un candidat independent, pe care l-am cunoscut cu c\u00e2teva zile \u00eenainte \u0219i care p\u0103rea c\u0103 se lupt\u0103 cu acest sistem. Chiar \u0219i a\u0219a nu am nicio scuz\u0103 \u0219i \u00eemi asum vina, pentru c\u0103 nu am f\u0103cut verific\u0103rile necesare\u201d, a spus afaceristul \u00een filmarea postat\u0103 pe Facebook.<\/p>\n\n<p>El sus\u021bine c\u0103 abia ieri a v\u0103zut c\u00e2teva filmule\u021be cu C\u0103lin Georgescu.<\/p>\n<p>\u201eNu rezonez sub nicio form\u0103 cu viziunea despre NATO, despre UE, despre legionari, despre mare\u0219al (Antonescu), despre 5G, sub nicio form\u0103. Ce ne-am face noi f\u0103r\u0103 NATO?! Intrarea \u00een UE \u0219i NATO au fost dou\u0103 momente esen\u021biale \u00een istoria noastr\u0103. C\u00e2nd auzi cuv\u00e2ntul Kremlin, te sperii. De aceea \u00eemi asum toate consecin\u021bele \u0219i 100% o s\u0103 fiu mult mai atent \u00een viitor\u201d, a mai spus \u0218tefan Mandachi. <\/p>","protected":false},"excerpt":{"rendered":"<p>Dup\u0103 ce, luni seara, \u0218tefan Mandachi a infirmat c\u0103 ar fi printre sus\u021bin\u0103torii candidatului din&hellip;<\/p>\n","protected":false},"author":0,"featured_media":11179,"comment_status":"open","ping_status":"open","sticky":false,"template":"","format":"standard","meta":{"footnotes":""},"categories":[2],"tags":[],"class_list":["post-11178","post","type-post","status-publish","format-standard","has-post-thumbnail","hentry","category-actual"],"_links":{"self":[{"href":"https:\/\/247stiri.ro\/index.php\/wp-json\/wp\/v2\/posts\/11178","targetHints":{"allow":["GET"]}}],"collection":[{"href":"https:\/\/247stiri.ro\/index.php\/wp-json\/wp\/v2\/posts"}],"about":[{"href":"https:\/\/247stiri.ro\/index.php\/wp-json\/wp\/v2\/types\/post"}],"replies":[{"embeddable":true,"href":"https:\/\/247stiri.ro\/index.php\/wp-json\/wp\/v2\/comments?post=11178"}],"version-history":[{"count":0,"href":"https:\/\/247stiri.ro\/index.php\/wp-json\/wp\/v2\/posts\/11178\/revisions"}],"wp:featuredmedia":[{"embeddable":true,"href":"https:\/\/247stiri.ro\/index.php\/wp-json\/wp\/v2\/media\/11179"}],"wp:attachment":[{"href":"https:\/\/247stiri.ro\/index.php\/wp-json\/wp\/v2\/media?parent=11178"}],"wp:term":[{"taxonomy":"category","embeddable":true,"href":"https:\/\/247stiri.ro\/index.php\/wp-json\/wp\/v2\/categories?post=11178"},{"taxonomy":"post_tag","embeddable":true,"href":"https:\/\/247stiri.ro\/index.php\/wp-json\/wp\/v2\/tags?post=11178"}],"curies":[{"name":"wp","href":"https:\/\/api.w.org\/{rel}","templated":true}]}}