{"id":11180,"date":"2024-11-26T16:44:51","date_gmt":"2024-11-26T16:44:51","guid":{"rendered":"https:\/\/247stiri.ro\/index.php\/2024\/11\/26\/un-barbat-cu-handicap-a-furat-masina-politiei-locale-si-s-a-proptit-cu-ea-in-alte-5-autovehicule-parcate\/"},"modified":"2024-11-26T16:44:51","modified_gmt":"2024-11-26T16:44:51","slug":"un-barbat-cu-handicap-a-furat-masina-politiei-locale-si-s-a-proptit-cu-ea-in-alte-5-autovehicule-parcate","status":"publish","type":"post","link":"https:\/\/247stiri.ro\/index.php\/2024\/11\/26\/un-barbat-cu-handicap-a-furat-masina-politiei-locale-si-s-a-proptit-cu-ea-in-alte-5-autovehicule-parcate\/","title":{"rendered":"Un b\u0103rbat cu handicap a furat ma\u0219ina Poli\u021biei Locale \u0219i s-a \u201eproptit\u201d cu ea \u00een alte 5 autovehicule parcate"},"content":{"rendered":"<p>Un b\u0103rbat cu handicap, cu antecedente penale \u0219i f\u0103r\u0103 permis de conducere, s-a urcat la volanul unei autospeciale apar\u021bin\u00e2nd Poli\u021biei Locale din Arad, care era parcat\u0103 cu cheile \u00een contact, \u00een timp ce poli\u021bi\u0219tii locali dirijau circula\u021bia \u00eentr-o intersec\u021bie, conform REALITATEA PLUS.Acesta s-a urcat la volanul autospecialei \u0219i a acro\u0219at cinci autovehicule parcate.<\/p>\n<p>\u00cen urma evenimentului, b\u0103rbatul a fost r\u0103nit \u0219i este evaluat medical. B\u0103rbatul eman\u0103 halen\u0103 alcoolic\u0103 \u0219i va fi testat cu aparatul alcooltest.<\/p>","protected":false},"excerpt":{"rendered":"<p>Un b\u0103rbat cu handicap, cu antecedente penale \u0219i f\u0103r\u0103 permis de conducere, s-a urcat la&hellip;<\/p>\n","protected":false},"author":0,"featured_media":11181,"comment_status":"open","ping_status":"open","sticky":false,"template":"","format":"standard","meta":{"footnotes":""},"categories":[2],"tags":[],"class_list":["post-11180","post","type-post","status-publish","format-standard","has-post-thumbnail","hentry","category-actual"],"_links":{"self":[{"href":"https:\/\/247stiri.ro\/index.php\/wp-json\/wp\/v2\/posts\/11180","targetHints":{"allow":["GET"]}}],"collection":[{"href":"https:\/\/247stiri.ro\/index.php\/wp-json\/wp\/v2\/posts"}],"about":[{"href":"https:\/\/247stiri.ro\/index.php\/wp-json\/wp\/v2\/types\/post"}],"replies":[{"embeddable":true,"href":"https:\/\/247stiri.ro\/index.php\/wp-json\/wp\/v2\/comments?post=11180"}],"version-history":[{"count":0,"href":"https:\/\/247stiri.ro\/index.php\/wp-json\/wp\/v2\/posts\/11180\/revisions"}],"wp:featuredmedia":[{"embeddable":true,"href":"https:\/\/247stiri.ro\/index.php\/wp-json\/wp\/v2\/media\/11181"}],"wp:attachment":[{"href":"https:\/\/247stiri.ro\/index.php\/wp-json\/wp\/v2\/media?parent=11180"}],"wp:term":[{"taxonomy":"category","embeddable":true,"href":"https:\/\/247stiri.ro\/index.php\/wp-json\/wp\/v2\/categories?post=11180"},{"taxonomy":"post_tag","embeddable":true,"href":"https:\/\/247stiri.ro\/index.php\/wp-json\/wp\/v2\/tags?post=11180"}],"curies":[{"name":"wp","href":"https:\/\/api.w.org\/{rel}","templated":true}]}}