{"id":11182,"date":"2024-11-26T16:44:51","date_gmt":"2024-11-26T16:44:51","guid":{"rendered":"https:\/\/247stiri.ro\/index.php\/2024\/11\/26\/cine-este-anamaria-gavrila-sustinatoarea-lui-calin-georgescu\/"},"modified":"2024-11-26T16:44:51","modified_gmt":"2024-11-26T16:44:51","slug":"cine-este-anamaria-gavrila-sustinatoarea-lui-calin-georgescu","status":"publish","type":"post","link":"https:\/\/247stiri.ro\/index.php\/2024\/11\/26\/cine-este-anamaria-gavrila-sustinatoarea-lui-calin-georgescu\/","title":{"rendered":"Cine este Anamaria Gavril\u0103, sus\u021bin\u0103toarea lui C\u0103lin Georgescu"},"content":{"rendered":"<p>Partidul POT este antiavort \u0219i se consider\u0103 anti-vaccinist. Acesta l-a a sus\u021binut public pe Georgescu \u00eenainte de primul tur al alegerile preziden\u021biale, inclusiv cu multe mesaje de \u00eendemn \u00eenaintea alegerilor.Partiul a fost \u00eenregistrat oficial \u00een Registrul Partidelor Politice \u00een aprilie 2023. Anamaria Gavril\u0103 \u0219i al\u021bi doi fondatori sunt Bianca Eugenia Gavril\u0103 \u0219i Crinela Mihaela Meidinger.Fondatoarea partidului s-a \u00eentors \u00een Rom\u00e2nia \u00een 2020 \u0219i a candidat pentru func\u021bia de primar \u0219i consilier local \u00een Deva, iar \u00een urma alegerilor a \u0219i c\u00e2\u0219tigat. Aceasta a fost plecat\u0103 \u0219apte ani \u00een Germania \u0219i opt \u00een Anglia.\u00cen anul 2021, deputata Anamaria Gavril\u0103 anun\u021ba c\u0103 a demisionat din AUR. Atunci, aceasta preciza c\u0103 nu a avut sprijin din partea conducerii centrale pe anumite proiecte \u0219i \u0219i-a criticat colegii pentru c\u0103 nu s-au implicat \u00een proiecte ca preluarea Termocentralei Mintia de la Prim\u0103rie.<\/p>\n<p>Atunci, Anamaria Gavril\u0103 a spus c\u0103 rom\u00e2nii au nevoie de lideri care s\u0103 demonstreze curaj \u0219i autenticitate.\u00a0<\/p>\n<p>\u00a0\u00a0\u00a0\u00a0\u00a0View this post on Instagram\u00a0\u00a0\u00a0\u00a0\u00a0\u00a0\u00a0\u00a0\u00a0\u00a0\u00a0<\/p>\n<p><a href=\"https:\/\/www.instagram.com\/reel\/DAoHKSFoQMN\/?utm_source=ig_embed&amp;utm_campaign=loading\" target=\"_blank\">A post shared by Anamaria Gavrila (@anamaria.gavrila.deputat)<\/a><\/p>\n<p>\u00a0\u00a0\u00a0\u00a0\u00a0View this post on Instagram\u00a0\u00a0\u00a0\u00a0\u00a0\u00a0\u00a0\u00a0\u00a0\u00a0\u00a0<\/p>\n<p><a href=\"https:\/\/www.instagram.com\/reel\/DCwuADzI6dY\/?utm_source=ig_embed&amp;utm_campaign=loading\" target=\"_blank\">A post shared by Anamaria Gavrila (@anamaria.gavrila.deputat)<\/a><\/p>","protected":false},"excerpt":{"rendered":"<p>Partidul POT este antiavort \u0219i se consider\u0103 anti-vaccinist. Acesta l-a a sus\u021binut public pe Georgescu&hellip;<\/p>\n","protected":false},"author":0,"featured_media":11173,"comment_status":"open","ping_status":"open","sticky":false,"template":"","format":"standard","meta":{"footnotes":""},"categories":[2],"tags":[],"class_list":["post-11182","post","type-post","status-publish","format-standard","has-post-thumbnail","hentry","category-actual"],"_links":{"self":[{"href":"https:\/\/247stiri.ro\/index.php\/wp-json\/wp\/v2\/posts\/11182","targetHints":{"allow":["GET"]}}],"collection":[{"href":"https:\/\/247stiri.ro\/index.php\/wp-json\/wp\/v2\/posts"}],"about":[{"href":"https:\/\/247stiri.ro\/index.php\/wp-json\/wp\/v2\/types\/post"}],"replies":[{"embeddable":true,"href":"https:\/\/247stiri.ro\/index.php\/wp-json\/wp\/v2\/comments?post=11182"}],"version-history":[{"count":0,"href":"https:\/\/247stiri.ro\/index.php\/wp-json\/wp\/v2\/posts\/11182\/revisions"}],"wp:featuredmedia":[{"embeddable":true,"href":"https:\/\/247stiri.ro\/index.php\/wp-json\/wp\/v2\/media\/11173"}],"wp:attachment":[{"href":"https:\/\/247stiri.ro\/index.php\/wp-json\/wp\/v2\/media?parent=11182"}],"wp:term":[{"taxonomy":"category","embeddable":true,"href":"https:\/\/247stiri.ro\/index.php\/wp-json\/wp\/v2\/categories?post=11182"},{"taxonomy":"post_tag","embeddable":true,"href":"https:\/\/247stiri.ro\/index.php\/wp-json\/wp\/v2\/tags?post=11182"}],"curies":[{"name":"wp","href":"https:\/\/api.w.org\/{rel}","templated":true}]}}