{"id":11186,"date":"2024-11-26T16:44:52","date_gmt":"2024-11-26T16:44:52","guid":{"rendered":"https:\/\/247stiri.ro\/index.php\/2024\/11\/26\/mae-reactie-cu-privire-la-ingrijorarile-externe-aparute-dupa-primul-tur-al-alegerilor-prezidentiale-romania-este-ferm-angajata-in-sustinerea-valorilor-democratice\/"},"modified":"2024-11-26T16:44:52","modified_gmt":"2024-11-26T16:44:52","slug":"mae-reactie-cu-privire-la-ingrijorarile-externe-aparute-dupa-primul-tur-al-alegerilor-prezidentiale-romania-este-ferm-angajata-in-sustinerea-valorilor-democratice","status":"publish","type":"post","link":"https:\/\/247stiri.ro\/index.php\/2024\/11\/26\/mae-reactie-cu-privire-la-ingrijorarile-externe-aparute-dupa-primul-tur-al-alegerilor-prezidentiale-romania-este-ferm-angajata-in-sustinerea-valorilor-democratice\/","title":{"rendered":"MAE, reac\u021bie cu privire la \u201e\u00eengrijor\u0103rile externe\u201d ap\u0103rute dup\u0103 primul tur al alegerilor preziden\u021biale: Rom\u00e2nia este ferm angajat\u0103 \u00een sus\u021binerea valorilor democratice"},"content":{"rendered":"<p>\u201eCu privire la solicitarile de pres\u0103 viz\u00e2nd \u201c\u00eengrijor\u0103rile externe\u201d ap\u0103rute dup\u0103 primul tur al alegerilor preziden\u021biale din Rom\u00e2nia, Ministerul Afacerilor Externe comunic\u0103 urm\u0103toarele:\u00a0Rom\u00e2nia este ferm angajat\u0103 \u00een sus\u021binerea valorilor democratice, a drepturilor omului, inclusiv egalitatea de gen, combaterea antisemitismului, a xenofobiei \u0219i a oric\u0103rei forme de discriminare.Ansamblul demersurilor de politic\u0103 extern\u0103 ale Rom\u00e2niei este inseparabil de apartenen\u021ba Rom\u00e2niei la spa\u021biul de libert\u0103\u021bi \u0219i drepturi garantat de statutul de \u021bar\u0103 membr\u0103 a Uniunii Europene \u0219i aliat NATO.<\/p>\n<p>La 35 de ani de c\u00e2nd Rom\u00e2nia s-a \u00eentors \u00een familia democra\u021biilor occidentale prin curajul celor care au murit \u00een Revolu\u021bia rom\u00e2n\u0103, aceste valori sunt cele care garanteaz\u0103 pacea, securitatea \u0219i prosperitatea tuturor cet\u0103\u021benilor rom\u00e2ni, oriunde s-ar afla\u201d, a transmis MAE.<\/p>\n<p>\u00a0<\/p>","protected":false},"excerpt":{"rendered":"<p>\u201eCu privire la solicitarile de pres\u0103 viz\u00e2nd \u201c\u00eengrijor\u0103rile externe\u201d ap\u0103rute dup\u0103 primul tur al alegerilor&hellip;<\/p>\n","protected":false},"author":0,"featured_media":11160,"comment_status":"open","ping_status":"open","sticky":false,"template":"","format":"standard","meta":{"footnotes":""},"categories":[2],"tags":[],"class_list":["post-11186","post","type-post","status-publish","format-standard","has-post-thumbnail","hentry","category-actual"],"_links":{"self":[{"href":"https:\/\/247stiri.ro\/index.php\/wp-json\/wp\/v2\/posts\/11186","targetHints":{"allow":["GET"]}}],"collection":[{"href":"https:\/\/247stiri.ro\/index.php\/wp-json\/wp\/v2\/posts"}],"about":[{"href":"https:\/\/247stiri.ro\/index.php\/wp-json\/wp\/v2\/types\/post"}],"replies":[{"embeddable":true,"href":"https:\/\/247stiri.ro\/index.php\/wp-json\/wp\/v2\/comments?post=11186"}],"version-history":[{"count":0,"href":"https:\/\/247stiri.ro\/index.php\/wp-json\/wp\/v2\/posts\/11186\/revisions"}],"wp:featuredmedia":[{"embeddable":true,"href":"https:\/\/247stiri.ro\/index.php\/wp-json\/wp\/v2\/media\/11160"}],"wp:attachment":[{"href":"https:\/\/247stiri.ro\/index.php\/wp-json\/wp\/v2\/media?parent=11186"}],"wp:term":[{"taxonomy":"category","embeddable":true,"href":"https:\/\/247stiri.ro\/index.php\/wp-json\/wp\/v2\/categories?post=11186"},{"taxonomy":"post_tag","embeddable":true,"href":"https:\/\/247stiri.ro\/index.php\/wp-json\/wp\/v2\/tags?post=11186"}],"curies":[{"name":"wp","href":"https:\/\/api.w.org\/{rel}","templated":true}]}}