{"id":11205,"date":"2024-11-26T18:45:18","date_gmt":"2024-11-26T18:45:18","guid":{"rendered":"https:\/\/247stiri.ro\/index.php\/2024\/11\/26\/oficial-ue-ma-astept-ca-romania-si-bulgaria-sa-adere-deplin-la-schengen-la-1-ianuarie-2025\/"},"modified":"2024-11-26T18:45:18","modified_gmt":"2024-11-26T18:45:18","slug":"oficial-ue-ma-astept-ca-romania-si-bulgaria-sa-adere-deplin-la-schengen-la-1-ianuarie-2025","status":"publish","type":"post","link":"https:\/\/247stiri.ro\/index.php\/2024\/11\/26\/oficial-ue-ma-astept-ca-romania-si-bulgaria-sa-adere-deplin-la-schengen-la-1-ianuarie-2025\/","title":{"rendered":"Oficial UE: \u201eM\u0103 a\u015ftept ca Rom\u00e2nia \u015fi Bulgaria s\u0103 adere deplin la Schengen la 1 ianuarie 2025\u201d"},"content":{"rendered":"<p>Comisarul european pentru Afaceri Interne, Ylva Johansson, s-a declarat convins\u0103, mar\u0163i, \u00een plenul Parlamentului European de la Strasbourg, c\u0103 Rom\u00e2nia \u015fi Bulgaria &#8222;se vor bucura de toate avantajele Spa\u0163iului Schengen&#8221; \u00eencep\u00e2nd de anul viitor.&#8221;M\u0103 a\u015ftept ca pre\u015fedin\u0163ia maghiar\u0103 (a Consiliului UE &#8211; n.r.) s\u0103 propun\u0103 Consiliului \u00een decembrie s\u0103 elimine controalele la frontierele terestre \u00eencep\u00e2nd cu 1 ianuarie 2025&#8243;, a afirmat Ylva Johansson \u00een fa\u0163a eurodeputa\u0163ilor.&#8221;Mai am doar c\u00e2teva zile (de mandat &#8211; n.r.). Succesorul meu va fi cel prezent la Consiliul JAI. Dar pute\u0163i fi siguri c\u0103 voi urm\u0103ri evolu\u0163iile. Mi-am preg\u0103tit \u015fampania \u015fi pute\u0163i fi siguri c\u0103 de Anul Nou m\u0103 voi g\u00e2ndi la prietenii mei din Rom\u00e2nia \u015fi Bulgaria&#8221;, a subliniat ea.&#8221;Sunt foarte bucuroas\u0103 pentru to\u0163i cet\u0103\u0163enii din Rom\u00e2nia \u015fi Bulgaria. Apar\u0163ine\u0163i Spa\u0163iului Schengen&#8221;, a mai afirmat Ylva Johansson.<\/p>","protected":false},"excerpt":{"rendered":"<p>Comisarul european pentru Afaceri Interne, Ylva Johansson, s-a declarat convins\u0103, mar\u0163i, \u00een plenul Parlamentului European&hellip;<\/p>\n","protected":false},"author":0,"featured_media":11199,"comment_status":"open","ping_status":"open","sticky":false,"template":"","format":"standard","meta":{"footnotes":""},"categories":[2],"tags":[],"class_list":["post-11205","post","type-post","status-publish","format-standard","has-post-thumbnail","hentry","category-actual"],"_links":{"self":[{"href":"https:\/\/247stiri.ro\/index.php\/wp-json\/wp\/v2\/posts\/11205","targetHints":{"allow":["GET"]}}],"collection":[{"href":"https:\/\/247stiri.ro\/index.php\/wp-json\/wp\/v2\/posts"}],"about":[{"href":"https:\/\/247stiri.ro\/index.php\/wp-json\/wp\/v2\/types\/post"}],"replies":[{"embeddable":true,"href":"https:\/\/247stiri.ro\/index.php\/wp-json\/wp\/v2\/comments?post=11205"}],"version-history":[{"count":0,"href":"https:\/\/247stiri.ro\/index.php\/wp-json\/wp\/v2\/posts\/11205\/revisions"}],"wp:featuredmedia":[{"embeddable":true,"href":"https:\/\/247stiri.ro\/index.php\/wp-json\/wp\/v2\/media\/11199"}],"wp:attachment":[{"href":"https:\/\/247stiri.ro\/index.php\/wp-json\/wp\/v2\/media?parent=11205"}],"wp:term":[{"taxonomy":"category","embeddable":true,"href":"https:\/\/247stiri.ro\/index.php\/wp-json\/wp\/v2\/categories?post=11205"},{"taxonomy":"post_tag","embeddable":true,"href":"https:\/\/247stiri.ro\/index.php\/wp-json\/wp\/v2\/tags?post=11205"}],"curies":[{"name":"wp","href":"https:\/\/api.w.org\/{rel}","templated":true}]}}