{"id":11221,"date":"2024-11-26T19:45:49","date_gmt":"2024-11-26T19:45:49","guid":{"rendered":"https:\/\/247stiri.ro\/index.php\/2024\/11\/26\/pace-in-orientul-mijlociu-israelul-este-de-acord-sa-semneze-armistitul-cu-hezbollah-in-liban\/"},"modified":"2024-11-26T19:45:49","modified_gmt":"2024-11-26T19:45:49","slug":"pace-in-orientul-mijlociu-israelul-este-de-acord-sa-semneze-armistitul-cu-hezbollah-in-liban","status":"publish","type":"post","link":"https:\/\/247stiri.ro\/index.php\/2024\/11\/26\/pace-in-orientul-mijlociu-israelul-este-de-acord-sa-semneze-armistitul-cu-hezbollah-in-liban\/","title":{"rendered":"Pace \u00een Orientul Mijlociu. Israelul este de acord s\u0103 semneze armisti\u021bul cu Hezbollah, \u00een Liban"},"content":{"rendered":"<p>Guvernul israelian a aprobat, mar\u021bi, stabilirea unui armisti\u021biu cu\u00a0Hezbollah\u00a0\u00een\u00a0Liban, act ce opre\u0219te luptele cu gruparea terorist\u0103, relateaz\u0103\u00a0<a href=\"https:\/\/edition.cnn.com\/webview\/world\/live-news\/israel-hezbollah-ceasefire-deal-gaza-war-11-26-24-intl-hnk\" target=\"_blank\">CNN<\/a>.<\/p>\n<p>Israel a f\u0103cut atacuri aeriene de amploare asupra unor presupuse \u021binte Hezbollah din Beirut, cu doar c\u00e2teva ore \u00eenainte ca guvernul israelian, condus de Benjamin Netanyahu, s\u0103 discute despre un posibil acord de \u00eencetare a focului.<\/p>\n<p>Guvernul israelian a aprobat, mar\u021bi, stabilirea unui armisti\u021biu cu Hezbollah \u00een Liban, act ce opre\u0219te luptele cu gruparea terorist\u0103, relateaz\u0103 CNN.<\/p>\n<p>Benjamin Netanyahu a declarat, anterior, c\u0103 \u201eHezbollah nu mai este la fel\u201d, \u00een sensul c\u0103 armata israelian\u0103 i-a ucis principalii comandan\u021bi \u0219i pe liderul s\u0103u, Hassan Nasrallah.<\/p>\n<p>Netanyahu mai spune \u0219i c\u0103 \u201ese simte cum p\u0103m\u00e2ntul se cutremur\u0103\u201d \u00een Liban \u0219i c\u0103 Israelul a distrus infrastructura Hezbollah \u0219i a \u201edistrus o mul\u021bime de \u021binte\u201d. Liderul israelian mai spunea \u0219i c\u0103 e determinat s\u0103 aduc\u0103 victoria \u021b\u0103rii sale.<\/p>\n<p>\u00a0<\/p>","protected":false},"excerpt":{"rendered":"<p>Guvernul israelian a aprobat, mar\u021bi, stabilirea unui armisti\u021biu cu\u00a0Hezbollah\u00a0\u00een\u00a0Liban, act ce opre\u0219te luptele cu gruparea&hellip;<\/p>\n","protected":false},"author":0,"featured_media":11216,"comment_status":"open","ping_status":"open","sticky":false,"template":"","format":"standard","meta":{"footnotes":""},"categories":[2],"tags":[],"class_list":["post-11221","post","type-post","status-publish","format-standard","has-post-thumbnail","hentry","category-actual"],"_links":{"self":[{"href":"https:\/\/247stiri.ro\/index.php\/wp-json\/wp\/v2\/posts\/11221","targetHints":{"allow":["GET"]}}],"collection":[{"href":"https:\/\/247stiri.ro\/index.php\/wp-json\/wp\/v2\/posts"}],"about":[{"href":"https:\/\/247stiri.ro\/index.php\/wp-json\/wp\/v2\/types\/post"}],"replies":[{"embeddable":true,"href":"https:\/\/247stiri.ro\/index.php\/wp-json\/wp\/v2\/comments?post=11221"}],"version-history":[{"count":0,"href":"https:\/\/247stiri.ro\/index.php\/wp-json\/wp\/v2\/posts\/11221\/revisions"}],"wp:featuredmedia":[{"embeddable":true,"href":"https:\/\/247stiri.ro\/index.php\/wp-json\/wp\/v2\/media\/11216"}],"wp:attachment":[{"href":"https:\/\/247stiri.ro\/index.php\/wp-json\/wp\/v2\/media?parent=11221"}],"wp:term":[{"taxonomy":"category","embeddable":true,"href":"https:\/\/247stiri.ro\/index.php\/wp-json\/wp\/v2\/categories?post=11221"},{"taxonomy":"post_tag","embeddable":true,"href":"https:\/\/247stiri.ro\/index.php\/wp-json\/wp\/v2\/tags?post=11221"}],"curies":[{"name":"wp","href":"https:\/\/api.w.org\/{rel}","templated":true}]}}