{"id":11290,"date":"2024-11-27T07:44:49","date_gmt":"2024-11-27T07:44:49","guid":{"rendered":"https:\/\/247stiri.ro\/index.php\/2024\/11\/27\/decizie-pentru-cei-care-locuiesc-la-bloc-cum-ii-taxeaza-primaria\/"},"modified":"2024-11-27T07:44:49","modified_gmt":"2024-11-27T07:44:49","slug":"decizie-pentru-cei-care-locuiesc-la-bloc-cum-ii-taxeaza-primaria","status":"publish","type":"post","link":"https:\/\/247stiri.ro\/index.php\/2024\/11\/27\/decizie-pentru-cei-care-locuiesc-la-bloc-cum-ii-taxeaza-primaria\/","title":{"rendered":"Decizie pentru cei care locuiesc la bloc. Cum \u00eei taxeaz\u0103 Prim\u0103ria"},"content":{"rendered":"<p>Locatarii mai multor blocuri din Ploie\u0219ti au observat facturi mai mici la \u00eentre\u021binere \u00een luna octombrie, comparativ cu luna septembrie. Explica\u021bia principal\u0103 adus\u0103 de administratorii de bloc este subven\u021bionarea pre\u021bului gigacaloriei de c\u0103tre autorit\u0103\u021bile locale \u00eencep\u00e2nd cu 15 octombrie, ceea ce a dus la sc\u0103derea costurilor pentru agentul termic utilizat la \u00eenc\u0103lzirea apartamentelor.<\/p>\n<p>Octombrie a fost prima lun\u0103 din sezonul rece \u00een care facturile au inclus costul agentului termic pentru \u00eenc\u0103lzirea apartamentelor. De\u0219i s-a furnizat c\u0103ldur\u0103 doar pentru c\u00e2teva zile, costul agentului termic a fost semnificativ mai mic datorit\u0103 aplic\u0103rii subven\u021biei. \u00cen septembrie, \u00eens\u0103, pre\u021bul apei calde nu a fost subven\u021bionat, iar acest lucru a avut un impact considerabil asupra facturilor.<\/p>\n<p>Aurel R\u0103ileanu, administrator de bloc, a explicat c\u0103 \u00eentre\u021binerea a fost mai mic\u0103 \u00een luna octombrie fa\u021b\u0103 de septembrie, iar explica\u021bia este simpl\u0103: din 15 octombrie a reintrat \u00een vigoare pre\u021bul local la agentul termic, cu aplicarea subven\u021biei, at\u00e2t pentru ap\u0103 cald\u0103, c\u00e2t \u0219i pentru c\u0103ldur\u0103, scrie observatorulph.ro.<\/p>\n<p>Sc\u0103deri semnificative ale facturii<\/p>\n<p>\u00cen ceea ce prive\u0219te exemplele de facturi, \u00eentr-un bloc din zona Malu Ro\u0219u, un apartament cu dou\u0103 camere a avut \u00een luna septembrie o factur\u0103 de \u00eentre\u021binere de 480 de lei.<\/p>\n<p>\u00cen octombrie, \u00eens\u0103, factura a sc\u0103zut la 417 lei, chiar dac\u0103 consumul de ap\u0103 cald\u0103 a r\u0103mas aproape identic. Principalul factor al sc\u0103derii este costul mult mai mic al agentului termic, datorit\u0103 subven\u021biei.<\/p>\n<p>Totu\u0219i, administratorii de bloc avertizeaz\u0103 c\u0103 diferen\u021bele de pre\u021b nu vor mai fi at\u00e2t de evidente \u00een factura de \u00eentre\u021binere din luna noiembrie, care va include costul agentului termic pentru \u00eentreaga lun\u0103. \u00cen aceast\u0103 perioad\u0103, se estimeaz\u0103 c\u0103 pre\u021bul agentului termic se va men\u021bine la niveluri constante, datorit\u0103 sprijinului continuu din partea autorit\u0103\u021bilor locale.<\/p>\n<p>Cum se va reflecta \u00een factura de noiembrie<\/p>\n<p>Un alt administrator de bloc a precizat c\u0103 \u00een factura aferent\u0103 lunii noiembrie, care ar urma s\u0103 fie afi\u0219at\u0103 dup\u0103 data de 15 decembrie, s-ar putea s\u0103 nu se observe aceste diferen\u021be, av\u00e2nd \u00een vedere c\u0103 vorbim de pre\u021bul agentului termic pentru c\u0103ldur\u0103 aferent \u00eentregii luni.<\/p>\n<p>Totu\u0219i, se estimeaz\u0103 c\u0103 facturile nu vor \u00eenregistra diferen\u021be mari \u00eentre noiembrie 2023 \u0219i noiembrie 2024, av\u00e2nd \u00een vedere men\u021binerea pre\u021bului local de referin\u021b\u0103 pentru agentul termic.<\/p>","protected":false},"excerpt":{"rendered":"<p>Locatarii mai multor blocuri din Ploie\u0219ti au observat facturi mai mici la \u00eentre\u021binere \u00een luna&hellip;<\/p>\n","protected":false},"author":0,"featured_media":11291,"comment_status":"open","ping_status":"open","sticky":false,"template":"","format":"standard","meta":{"footnotes":""},"categories":[2],"tags":[],"class_list":["post-11290","post","type-post","status-publish","format-standard","has-post-thumbnail","hentry","category-actual"],"_links":{"self":[{"href":"https:\/\/247stiri.ro\/index.php\/wp-json\/wp\/v2\/posts\/11290","targetHints":{"allow":["GET"]}}],"collection":[{"href":"https:\/\/247stiri.ro\/index.php\/wp-json\/wp\/v2\/posts"}],"about":[{"href":"https:\/\/247stiri.ro\/index.php\/wp-json\/wp\/v2\/types\/post"}],"replies":[{"embeddable":true,"href":"https:\/\/247stiri.ro\/index.php\/wp-json\/wp\/v2\/comments?post=11290"}],"version-history":[{"count":0,"href":"https:\/\/247stiri.ro\/index.php\/wp-json\/wp\/v2\/posts\/11290\/revisions"}],"wp:featuredmedia":[{"embeddable":true,"href":"https:\/\/247stiri.ro\/index.php\/wp-json\/wp\/v2\/media\/11291"}],"wp:attachment":[{"href":"https:\/\/247stiri.ro\/index.php\/wp-json\/wp\/v2\/media?parent=11290"}],"wp:term":[{"taxonomy":"category","embeddable":true,"href":"https:\/\/247stiri.ro\/index.php\/wp-json\/wp\/v2\/categories?post=11290"},{"taxonomy":"post_tag","embeddable":true,"href":"https:\/\/247stiri.ro\/index.php\/wp-json\/wp\/v2\/tags?post=11290"}],"curies":[{"name":"wp","href":"https:\/\/api.w.org\/{rel}","templated":true}]}}