{"id":1131,"date":"2024-10-23T09:46:40","date_gmt":"2024-10-23T09:46:40","guid":{"rendered":"https:\/\/247stiri.ro\/index.php\/2024\/10\/23\/detaliul-care-il-trage-in-jos-pe-ciolacu-in-batalia-pentru-cotroceni-am-o-retinere-nu-stapanesc-foarte-bine\/"},"modified":"2024-10-23T09:46:40","modified_gmt":"2024-10-23T09:46:40","slug":"detaliul-care-il-trage-in-jos-pe-ciolacu-in-batalia-pentru-cotroceni-am-o-retinere-nu-stapanesc-foarte-bine","status":"publish","type":"post","link":"https:\/\/247stiri.ro\/index.php\/2024\/10\/23\/detaliul-care-il-trage-in-jos-pe-ciolacu-in-batalia-pentru-cotroceni-am-o-retinere-nu-stapanesc-foarte-bine\/","title":{"rendered":"Detaliul care \u00eel trage \u00een jos pe Ciolacu \u00een b\u0103t\u0103lia pentru Cotroceni: &#8222;Am o re\u021binere, nu st\u0103p\u00e2nesc foarte bine&#8230;&#8221;"},"content":{"rendered":"<p>Marcel Ciolacu a refuzat miercuri, invitat fiind \u00eentr-o emisiune radio, s\u0103 se prezinte \u00een c\u00e2teva cuvinte \u00een englez\u0103, preciz\u00e2nd c\u0103 are o re\u0163inere, deoarece nu st\u0103p\u00e2ne\u015fte foarte bine aceast\u0103 limb\u0103.<\/p>\n<p>\u201e\u00cen primul r\u00e2nd cred c\u0103 pot s\u0103 le spun \u015fi \u00een rom\u00e2ne\u015fte. Nu am nicio problem\u0103. Am o re\u0163inere \u015fi este normal\u0103, pentru c\u0103 nu st\u0103p\u00e2nesc foarte bine \u015fi nu cred c\u0103 \u0103sta este exerci\u0163iul pe care vi-l dori\u0163i\u201d, a declarat Ciolacu.<\/p>\n<p>\u00cen schimb, premierul a descris cum a decurs o \u00eent\u00e2lnire \u00eentre el \u0219i \u0219efa Comisiei Europene, Ursula von der Leyen, subliniind c\u0103 a reu\u0219it s\u0103 se \u00een\u021beleag\u0103 foarte bine cu aceasta.<\/p>\n<p>\u201eAm discu\u0163ii tete-a-tete, nu am o problem\u0103 de conversa\u0163ii. \u00cei \u015fi anun\u0163 de la \u00eenceput c\u0103 nu \u015ftiu foarte bine. Cred c\u0103 pre\u015fedinta Comisiei Europene a zis \u00abstai lini\u015ftit\u00bb, c\u0103 vorbesc mai \u00eencet. Dar am reu\u015fit \u00een jum\u0103tate de or\u0103 s\u0103 ne \u00een\u0163elegem foarte bine. A fost un tete-a-tete. Am avut negocierile \u00een ceea ce prive\u015fte viitorul comisar \u015fi eu zic c\u0103 au ie\u015fit acele negoci\u0103ri, \u0163in\u00e2nd cont de faptul c\u0103 Rom\u00e2nia are pentru prima oar\u0103 un vicepre\u015fedinte al Comisiei\u201d, a mai spus Marcel Ciolacu.<\/p>\n<p>Rugat, totu\u0219i, s\u0103-\u0219i fac\u0103 o scurt\u0103 descriere \u00een englez\u0103, Ciolacu a spus \u201enu m\u0103 simt confortabil \u015fi nu o fac\u201d.<\/p>\n<p>La ]nceputul lunii septembrie, Marcel Ciolacu a m\u0103rturisit c\u0103 se e preg\u0103te\u0219te de alegerile preziden\u021biale cu medita\u021bii la limba englez\u0103 \u0219i economie. Premierul a m[rturisit atunci c\u0103 a avut \u201ere\u0163ineri\u201d \u00een domeniul rela\u0163iilor externe, unde nu se sim\u0163ea confortabil \u201e\u0219i din cauza limbii\u201d.<\/p>","protected":false},"excerpt":{"rendered":"<p>Marcel Ciolacu a refuzat miercuri, invitat fiind \u00eentr-o emisiune radio, s\u0103 se prezinte \u00een c\u00e2teva&hellip;<\/p>\n","protected":false},"author":0,"featured_media":1132,"comment_status":"open","ping_status":"open","sticky":false,"template":"","format":"standard","meta":{"footnotes":""},"categories":[3],"tags":[],"class_list":["post-1131","post","type-post","status-publish","format-standard","has-post-thumbnail","hentry","category-politica"],"_links":{"self":[{"href":"https:\/\/247stiri.ro\/index.php\/wp-json\/wp\/v2\/posts\/1131","targetHints":{"allow":["GET"]}}],"collection":[{"href":"https:\/\/247stiri.ro\/index.php\/wp-json\/wp\/v2\/posts"}],"about":[{"href":"https:\/\/247stiri.ro\/index.php\/wp-json\/wp\/v2\/types\/post"}],"replies":[{"embeddable":true,"href":"https:\/\/247stiri.ro\/index.php\/wp-json\/wp\/v2\/comments?post=1131"}],"version-history":[{"count":0,"href":"https:\/\/247stiri.ro\/index.php\/wp-json\/wp\/v2\/posts\/1131\/revisions"}],"wp:featuredmedia":[{"embeddable":true,"href":"https:\/\/247stiri.ro\/index.php\/wp-json\/wp\/v2\/media\/1132"}],"wp:attachment":[{"href":"https:\/\/247stiri.ro\/index.php\/wp-json\/wp\/v2\/media?parent=1131"}],"wp:term":[{"taxonomy":"category","embeddable":true,"href":"https:\/\/247stiri.ro\/index.php\/wp-json\/wp\/v2\/categories?post=1131"},{"taxonomy":"post_tag","embeddable":true,"href":"https:\/\/247stiri.ro\/index.php\/wp-json\/wp\/v2\/tags?post=1131"}],"curies":[{"name":"wp","href":"https:\/\/api.w.org\/{rel}","templated":true}]}}