{"id":11316,"date":"2024-11-27T09:45:10","date_gmt":"2024-11-27T09:45:10","guid":{"rendered":"https:\/\/247stiri.ro\/index.php\/2024\/11\/27\/ilie-bolojan-despre-reformele-nepopulare-propuse-noi-salvam-romania-nu-lumea-politica-unul-dintre-motivele-pentru-care-romania-nu-a-progresat-este-pentru-ca-guvernarea-a-lasat-de-dorit\/"},"modified":"2024-11-27T09:45:10","modified_gmt":"2024-11-27T09:45:10","slug":"ilie-bolojan-despre-reformele-nepopulare-propuse-noi-salvam-romania-nu-lumea-politica-unul-dintre-motivele-pentru-care-romania-nu-a-progresat-este-pentru-ca-guvernarea-a-lasat-de-dorit","status":"publish","type":"post","link":"https:\/\/247stiri.ro\/index.php\/2024\/11\/27\/ilie-bolojan-despre-reformele-nepopulare-propuse-noi-salvam-romania-nu-lumea-politica-unul-dintre-motivele-pentru-care-romania-nu-a-progresat-este-pentru-ca-guvernarea-a-lasat-de-dorit\/","title":{"rendered":"Ilie Bolojan, despre reformele nepopulare propuse: Noi salv\u0103m Rom\u00e2nia, nu lumea politic\u0103! Unul dintre motivele pentru care Rom\u00e2nia nu a progresat este pentru c\u0103 guvernarea a l\u0103sat de dorit"},"content":{"rendered":"<p>&#8222;Unul dintre motivele pentru care Rom\u00e2nia nu a progresat este pentru c\u0103 guvernarea a l\u0103sat de dorit.<\/p>\n<p>Orice guvern va veni \u00ee\u0219i va consuma toate resursele ca o agen\u021bie de pl\u0103ti. Este nevoie s\u0103 luam m\u0103suri s\u0103 avem un stat eficient \u0219i asta nu se poate face dec\u00e2t cu o lume politic\u0103 cu legitimitate. Partidele au o problem\u0103 de leadership.<\/p>\n<p>Eu nu vreau s\u0103 m\u0103 fac de r\u00e2s, dac\u0103 nu m\u0103 tin de cuv\u00e2nt \u0219i trebuie s\u0103 plec direct din func\u021bie. Toate reformele trebuie f\u0103cute \u00een primii ani de la preluarea mandatului, lucrurile nepl\u0103cute trebuie f\u0103cute din primele luni ale mandatelor, nu ulterior. E vorba de un pacient care \u00een loc s\u0103 se trateze ajunge la doctor cu \u00eent\u00e2rziere, cu ambulan\u021ba, la opera\u021bie.<\/p>\n<p>Nu e un slogan care sun\u0103 bine, eu am testat asta \u00eentr-o prim\u0103rie mai mic\u0103. Or\u0103denii nu tr\u0103iesc mai bine, dar v\u0103d schimb\u0103ri cu o vitez\u0103 mai mare. Sunt m\u00e2ndri de ora\u0219ul \u0103la.<\/p>\n<p>Eu am f\u0103cut eficient\u0103 prim\u0103ria Oradea &#8211; prim\u0103ria e un mall de servicii &#8211; \u00a0Electrica, Po\u0219ta, toate sunt acolo, am copiat programul de la supermarketuri \u0219i se lucreaz\u0103 mai mult.<\/p>\n<p>Sunt pre\u0219edintele PNL, m-au rugat colegii, am venit nepreg\u0103tit \u00een Bucure\u0219ti, f\u0103r\u0103 bagaj, dac\u0103 rom\u00e2nii vor considera c\u0103 e important un vot de centru dreapta voi r\u0103m\u00e2ne la Bucure\u0219ti.<\/p>\n<p>Dac\u0103 a f\u0103cut ceva bun lumea politic\u0103 e c\u0103 a \u021binut o direc\u021bie pro-european\u0103 \u0219i o stabilitate. Au gre\u0219it c\u00e2nd nu au f\u0103cut reformele. Asta i-a \u00eenfuriat pe rom\u00e2ni, nu au generat \u00eencredere.<\/p>\n<p>Noi salv\u0103m Rom\u00e2nia, nu lumea politic\u0103, dac\u0103 lumea politic\u0103 nu \u00een\u021belege c\u0103 are responsabilit\u0103\u021bi trebuie schimbat\u0103. Colegii nu ar fi apelat la mine, dac\u0103 nu erau \u00een aceast\u0103 situa\u021bie nu pentru oameni, pentru valori. \u0218i m-am g\u00e2ndit c\u0103 dac\u0103 rom\u00e2nii verific\u0103 ce s-a f\u0103cut \u00een Oradea vor avea \u00eencredere \u00een PNL.<\/p>\n<p>Trebuie s\u0103 ne asigur\u0103m c\u0103 acest guvern func\u021bioneaz\u0103, a\u0219adar p\u00e2n\u0103 la urm\u0103toarea guvernare trebuie facem lucrurile s\u0103 mearg\u0103, inclusiv cu PSD. A\u0219adar noi nu ne vom ataca cu PSD, vom vorbi pe proiecte. Cu USR e nevoie de \u00een\u021belegere \u0219i \u00een\u021belepciune.<\/p>\n<p>Epoca Iohannis s-a \u00eencheiat, partidul va fi condus de pre\u0219edin\u021bii lui, PNL \u00ee\u0219i va lua decizii din interiorul partidului, a\u0219a a fost \u0219i la Bihor.<\/p>\n<p>Nu to\u021bi colegii rezoneaz\u0103 cu toate propunerile, dac\u0103 ar fi fost u\u0219or, le-ar fi luat de mai mult timp.<\/p>\n<p>Cineva va pierde posturi de conducere, noi avem pentru fiecare re\u021bea c\u00e2te o autoritate \u00a0&#8211; gaz, ap\u0103, nu au venit a\u0219a, au fost pu\u0219i de liderii din politic\u0103.<\/p>\n<p>Prima dat\u0103 trebuie f\u0103cut\u0103 reforma statului, apoi face\u021bi lucruri mici &#8211; e foarte greu s\u0103 le ceri s\u0103 fac\u0103 curat oamenii c\u00e2nd v\u0103d murd\u0103ria din politic\u0103.<\/p>\n<p>Nu cred \u00een oameni providen\u021biali, e ca managementul proiectelor, dac\u0103 nu le spunem rom\u00e2nilor ce \u00eei a\u0219teapt\u0103, avem deficite foarte mari, trebuie s\u0103 facem reform\u0103. Prefer s\u0103 nu ne voteze oamenii dac\u0103 doar le cre\u0103m a\u0219tept\u0103m &#8211; \u00a0nu vrem s\u0103 le cre\u0103m frustr\u0103ri.<\/p>\n<p>Nu am nimic cu bugetarii &#8211; lucrurile merg cu ajutorul lor.<\/p>\n<p>Cei care muncesc \u00een sectorul public sunt frustra\u021bi c\u00e2nd v\u0103d oameni care n-au competen\u021b\u0103 \u0219i sunt numi\u021bi direct directori \u00een timp ce ei stau de 20 de ani \u00een \u00a0institu\u021bie \u0219i nu-i sesizeaz\u0103 nimeni.<\/p>\n<p>La Consiliul Jude\u021bean aveam 10 juri\u0219ti \u0219i am constatat c\u0103 putem func\u021biona cu cinci. \u0218i au f\u0103cut reducerile. \u0218tiau c\u0103 dac\u0103 \u00eei p\u0103streaz\u0103 pe cei slabi trebuie s\u0103 lucreze pentru ei.<\/p>\n<p>G\u00e2ndi\u021bi-v\u0103 c\u0103 avem Autoritatea Electoral\u0103 Permanent\u0103.E o institu\u021bie cu vreo 500 de oameni \u00een toat\u0103 Rom\u00e2nia. \u00centrebarea este ce fac oamenii \u0103\u0219tia \u00eentre campanii electorale, timp de 3 ani?<\/p>\n<p>Lucrurile astea trebuie s\u0103 le corect\u0103m, pentru c\u0103 asta \u00eenseamn\u0103 performan\u021b\u0103 \u00een sectorul public \u0219i respect pentru cei care sunt \u00een sectorul public.Eu nu am adus clien\u021bi de la de partid c\u00e2nd am venit \u00een institu\u021bie.Am lucrat cu oamenii pe care am g\u0103sit acolo. Dar i-am ridicat pe cei care erau performan\u021bi \u0219i oamenii au \u00een\u021beles.<\/p>\n<p>Oamenii vor s\u0103 spun\u0103, da, am lucrat la Consiliul Jude\u021bean Bihor \u0219i am f\u0103cut aceast\u0103 centur\u0103 \u0219i am lucrat la acest spital \u0219i stau cu fruntea sus.Asta trebuie s\u0103 facem \u0219i eu sunt convins c\u0103 rom\u00e2nii \u0219i cei care nu lucreaz\u0103 \u00een sectorul privat vor avea \u00eencredere. Hai s\u0103-i respect\u0103m pe oameni, altfel ne batem joc de ei.<\/p>\n<p>Este nevoie de o alian\u021b\u0103 puternic\u0103. Dac\u0103 oamenii vor ca aceste lucruri pe care le spun \u0219i care nu sun\u0103 bine, dar sunt corecte \u0219i cinstite, s\u0103 fie puse \u00een practic\u0103, exist\u0103 o garan\u021bie cert\u0103.<\/p>\n<p>Votul pentru PNL duminic\u0103 este un vot pentru modernizarea Rom\u00e2niei, pentru responsabilitate \u0219i pentru aceste politici care \u00eei respect\u0103 pe oameni. \u00cemi asum aceast\u0103 chestiune \u00een calitate de pre\u0219edinte. Eu n-am venit pentru func\u021bii. Eu am venit s\u0103 pun \u00een practic\u0103 ni\u0219te solu\u021bii, dac\u0103 va fi posibil.<\/p>\n<p>Cu c\u00e2t axul central este mai puternic, cu at\u00e2ta se poate face o majoritate mai stabil\u0103.<\/p>\n<p>R\u0103m\u00e2ne de v\u0103zut ceea ce vor hot\u0103r\u00ee rom\u00e2nii duminic\u0103&#8221;, a spus Ilie Bolojan.<\/p>\n<p>\u00a0<\/p>\n<p>\u00a0<\/p>","protected":false},"excerpt":{"rendered":"<p>&#8222;Unul dintre motivele pentru care Rom\u00e2nia nu a progresat este pentru c\u0103 guvernarea a l\u0103sat&hellip;<\/p>\n","protected":false},"author":0,"featured_media":11317,"comment_status":"open","ping_status":"open","sticky":false,"template":"","format":"standard","meta":{"footnotes":""},"categories":[3],"tags":[],"class_list":["post-11316","post","type-post","status-publish","format-standard","has-post-thumbnail","hentry","category-politica"],"_links":{"self":[{"href":"https:\/\/247stiri.ro\/index.php\/wp-json\/wp\/v2\/posts\/11316","targetHints":{"allow":["GET"]}}],"collection":[{"href":"https:\/\/247stiri.ro\/index.php\/wp-json\/wp\/v2\/posts"}],"about":[{"href":"https:\/\/247stiri.ro\/index.php\/wp-json\/wp\/v2\/types\/post"}],"replies":[{"embeddable":true,"href":"https:\/\/247stiri.ro\/index.php\/wp-json\/wp\/v2\/comments?post=11316"}],"version-history":[{"count":0,"href":"https:\/\/247stiri.ro\/index.php\/wp-json\/wp\/v2\/posts\/11316\/revisions"}],"wp:featuredmedia":[{"embeddable":true,"href":"https:\/\/247stiri.ro\/index.php\/wp-json\/wp\/v2\/media\/11317"}],"wp:attachment":[{"href":"https:\/\/247stiri.ro\/index.php\/wp-json\/wp\/v2\/media?parent=11316"}],"wp:term":[{"taxonomy":"category","embeddable":true,"href":"https:\/\/247stiri.ro\/index.php\/wp-json\/wp\/v2\/categories?post=11316"},{"taxonomy":"post_tag","embeddable":true,"href":"https:\/\/247stiri.ro\/index.php\/wp-json\/wp\/v2\/tags?post=11316"}],"curies":[{"name":"wp","href":"https:\/\/api.w.org\/{rel}","templated":true}]}}