{"id":11342,"date":"2024-11-27T11:47:09","date_gmt":"2024-11-27T11:47:09","guid":{"rendered":"https:\/\/247stiri.ro\/index.php\/2024\/11\/27\/incident-tragic-langa-un-targ-de-craciun-un-barbat-inarmat-impuscat-mortal-de-politie\/"},"modified":"2024-11-27T11:47:09","modified_gmt":"2024-11-27T11:47:09","slug":"incident-tragic-langa-un-targ-de-craciun-un-barbat-inarmat-impuscat-mortal-de-politie","status":"publish","type":"post","link":"https:\/\/247stiri.ro\/index.php\/2024\/11\/27\/incident-tragic-langa-un-targ-de-craciun-un-barbat-inarmat-impuscat-mortal-de-politie\/","title":{"rendered":"Incident tragic l\u00e2ng\u0103 un t\u00e2rg de Cr\u0103ciun: un b\u0103rbat \u00eenarmat, \u00eempu\u0219cat mortal de poli\u021bie"},"content":{"rendered":"<p>Incidentul a avut loc mar\u021bi, \u00een jurul orei locale 17:30, pe o arter\u0103 comercial\u0103 aglomerat\u0103, la c\u00e2teva sute de metri de un t\u00e2rg de Cr\u0103ciun.<\/p>\n<p><a href=\"https:\/\/www.realitatea.net\/stiri\/extern\/un-tanar-de-17-ani-planuia-un-atac-terorist-la-un-targ-de-craciun-politia-in-alerta_67346ee7dd781f21b862c424\" target=\"_blank\">Conform declara\u021biilor procurorului<\/a> David Charmatz, b\u0103rbatul, a c\u0103rui identitate r\u0103m\u00e2ne necunoscut\u0103, a avut un comportament extrem de agresiv. Acesta a urm\u0103rit pietoni \u0219i a luat o femeie ostatic\u0103, \u021bin\u00e2ndu-i un cu\u021bit la g\u00e2t. \u00centr-un moment critic, un poli\u021bist municipal a deschis focul pentru a-l neutraliza, tr\u0103g\u00e2nd un singur glon\u021b.<\/p>\n<p>Martorii au relatat c\u0103 interven\u021bia poli\u021biei a fost rapid\u0103 \u0219i profesionist\u0103. Abdel, un comerciant din zon\u0103, a povestit: \u201eAm auzit un foc de arm\u0103 \u0219i am v\u0103zut poli\u021bi\u0219tii form\u00e2nd un cerc \u00een jurul b\u0103rbatului. Au \u00eenceput manevrele de resuscitare p\u00e2n\u0103 la sosirea pompierilor, \u00eens\u0103 nu au reu\u0219it s\u0103-l salveze.\u201d<\/p>\n<p>Victimele acestui incident<\/p>\n<p>Femeia r\u0103nit\u0103 \u00een incident a suferit leziuni minore \u0219i a primit \u00eengrijiri medicale. Nu au fost raportate alte victime \u00een urma acestui eveniment.<\/p>\n<p><a href=\"https:\/\/www.realitatea.net\/stiri\/extern\/atac-armat-in-bar-sase-oameni-au-murit-si-mai-multi-au-fost-raniti_67438a76af78bd5c364d5222\" target=\"_blank\">Conform unei surse din cadrul poli\u021biei,<\/a> b\u0103rbatul, cu v\u00e2rsta estimat\u0103 \u00eentre 20 \u0219i 30 de ani, nu avea asupra sa documente de identificare. Anterior, acesta ar fi intrat \u00eentr-un magazin \u0219i ar fi declarat c\u0103 inten\u021bioneaz\u0103 s\u0103 comit\u0103 un \u201ecarnagiu\u201d \u00een t\u00e2rgul de Cr\u0103ciun din apropiere. Totu\u0219i, nu exist\u0103 indicii c\u0103 ar fi avut o motiva\u021bie terorist\u0103.<\/p>\n<p>Primarul din Saint-\u00c9tienne, Ga\u00ebl Perdriau, a l\u0103udat interven\u021bia poli\u021bi\u0219tilor municipali, subliniind c\u0103 este pentru prima dat\u0103 \u00een ultimii zece ani c\u00e2nd ace\u0219tia sunt nevoi\u021bi s\u0103 foloseasc\u0103 armele de foc. Poli\u021bi\u0219tii purtau camere de corp, iar incidentul a fost surprins \u0219i de camerele de supraveghere din zon\u0103, ceea ce va facilita investiga\u021biile.<\/p>\n<p>Parchetul din Saint-\u00c9tienne a deschis dou\u0103 anchete: una pentru a clarifica circumstan\u021bele atacului \u0219i alta pentru a analiza ac\u021biunea poli\u021bistului care a f\u0103cut uz de arm\u0103. Sindicatul FO al poli\u021biei municipale a transmis un mesaj de sus\u021binere pentru agentul implicat, men\u021bion\u00e2nd dificult\u0103\u021bile emo\u021bionale asociate cu o astfel de situa\u021bie.<\/p>\n<p>\u00a0<\/p>","protected":false},"excerpt":{"rendered":"<p>Incidentul a avut loc mar\u021bi, \u00een jurul orei locale 17:30, pe o arter\u0103 comercial\u0103 aglomerat\u0103,&hellip;<\/p>\n","protected":false},"author":0,"featured_media":11343,"comment_status":"open","ping_status":"open","sticky":false,"template":"","format":"standard","meta":{"footnotes":""},"categories":[4],"tags":[],"class_list":["post-11342","post","type-post","status-publish","format-standard","has-post-thumbnail","hentry","category-extern"],"_links":{"self":[{"href":"https:\/\/247stiri.ro\/index.php\/wp-json\/wp\/v2\/posts\/11342","targetHints":{"allow":["GET"]}}],"collection":[{"href":"https:\/\/247stiri.ro\/index.php\/wp-json\/wp\/v2\/posts"}],"about":[{"href":"https:\/\/247stiri.ro\/index.php\/wp-json\/wp\/v2\/types\/post"}],"replies":[{"embeddable":true,"href":"https:\/\/247stiri.ro\/index.php\/wp-json\/wp\/v2\/comments?post=11342"}],"version-history":[{"count":0,"href":"https:\/\/247stiri.ro\/index.php\/wp-json\/wp\/v2\/posts\/11342\/revisions"}],"wp:featuredmedia":[{"embeddable":true,"href":"https:\/\/247stiri.ro\/index.php\/wp-json\/wp\/v2\/media\/11343"}],"wp:attachment":[{"href":"https:\/\/247stiri.ro\/index.php\/wp-json\/wp\/v2\/media?parent=11342"}],"wp:term":[{"taxonomy":"category","embeddable":true,"href":"https:\/\/247stiri.ro\/index.php\/wp-json\/wp\/v2\/categories?post=11342"},{"taxonomy":"post_tag","embeddable":true,"href":"https:\/\/247stiri.ro\/index.php\/wp-json\/wp\/v2\/tags?post=11342"}],"curies":[{"name":"wp","href":"https:\/\/api.w.org\/{rel}","templated":true}]}}