{"id":11389,"date":"2024-11-27T14:45:14","date_gmt":"2024-11-27T14:45:14","guid":{"rendered":"https:\/\/247stiri.ro\/index.php\/2024\/11\/27\/cristian-buican-piatra-de-moara-de-la-gatul-pnl-valcea-acuzat-ca-a-sacrificat-organizatia-pentru-interese-personale\/"},"modified":"2024-11-27T14:45:14","modified_gmt":"2024-11-27T14:45:14","slug":"cristian-buican-piatra-de-moara-de-la-gatul-pnl-valcea-acuzat-ca-a-sacrificat-organizatia-pentru-interese-personale","status":"publish","type":"post","link":"https:\/\/247stiri.ro\/index.php\/2024\/11\/27\/cristian-buican-piatra-de-moara-de-la-gatul-pnl-valcea-acuzat-ca-a-sacrificat-organizatia-pentru-interese-personale\/","title":{"rendered":"Cristian Buican, piatra de moar\u0103 de la g\u00e2tul PNL V\u00e2lcea: acuzat c\u0103 a sacrificat organiza\u021bia pentru interese personale"},"content":{"rendered":"<p>\u00cen ciuda acestor acuza\u021bii, Buican a reu\u0219it, s\u0103 r\u0103m\u00e2n\u0103 pe pozi\u021bii datorit\u0103 unor grupuri politice influente \u0219i a unei re\u021bele dense de rela\u021bii personale \u0219i economice care i-au permis s\u0103 r\u0103m\u00e2n\u0103 \u00een joc, chiar \u0219i \u00een fa\u021ba presiunilor publice. Cu toate acestea, el n-a reu\u0219it s\u0103 repare imaginea partidului din care face parte.<\/p>\n<p>La nivel local, Cristian Buican este perceput de mul\u021bi ca un politician care \u0219i-a sacrificat propriul partid \u00een favoarea unor interese personale. Cei care au vrut s\u0103 se opun\u0103 viziunii sale politice sau au \u00eencercat s\u0103-l confrunte au fost rapid marginaliza\u021bi sau exclu\u0219i din partid: Emilian Fr\u00e2ncu, Bogdan Popescu, Romulus Bulacu, Dan Ni\u021bu, Virgil P\u00eervulescu, Aurel Simion, Claudia Banu etc. R\u0103zboiul intern din PNL V\u00e2lcea, unde membrii de partid sunt prin\u0219i \u00eentr-un joc de interese \u0219i manipulare, a adus organiza\u021bia \u00een pragul colapsului. Buican n-a cedat nicio secund\u0103 \u0219i a controlat totul din umbr\u0103.<\/p>\n<p>Cristian Buican a stricat imaginea PNL V\u00e2lcea<\/p>\n<p>Aceast\u0103 atitudine a stricat imaginea PNL V\u00e2lcea \u00een fa\u021ba aleg\u0103torilor. Mul\u021bi dintre ace\u0219tia au \u00eenceput s\u0103 vad\u0103 \u00een Cristian Buican nu doar un politician aflat \u00een slujba intereselor proprii, dar \u0219i o barier\u0103 care a \u00eempiedicat dezvoltarea real\u0103 a jude\u021bului, noteaz\u0103 jurnali\u0219tii de la <a href=\"https:\/\/ziaruldevalcea.ro\/2024\/11\/cristian-buican-este-piatra-de-moara-de-la-gatul-pnl-valcea-dosare-penale-si-interese-personale\/\" target=\"_blank\">ziaruldevalcea.ro<\/a>. Mul\u021bi dintre sus\u021bin\u0103torii PNL V\u00e2lcea consider\u0103 c\u0103 partidul a fost capturat de un grup restr\u00e2ns care nu avea dec\u00e2t scopul de a-\u0219i maximiza propriile beneficii.<\/p>\n<p>\u00a0<\/p>\n<p>\u00a0<\/p>","protected":false},"excerpt":{"rendered":"<p>\u00cen ciuda acestor acuza\u021bii, Buican a reu\u0219it, s\u0103 r\u0103m\u00e2n\u0103 pe pozi\u021bii datorit\u0103 unor grupuri politice&hellip;<\/p>\n","protected":false},"author":0,"featured_media":11390,"comment_status":"open","ping_status":"open","sticky":false,"template":"","format":"standard","meta":{"footnotes":""},"categories":[3],"tags":[],"class_list":["post-11389","post","type-post","status-publish","format-standard","has-post-thumbnail","hentry","category-politica"],"_links":{"self":[{"href":"https:\/\/247stiri.ro\/index.php\/wp-json\/wp\/v2\/posts\/11389","targetHints":{"allow":["GET"]}}],"collection":[{"href":"https:\/\/247stiri.ro\/index.php\/wp-json\/wp\/v2\/posts"}],"about":[{"href":"https:\/\/247stiri.ro\/index.php\/wp-json\/wp\/v2\/types\/post"}],"replies":[{"embeddable":true,"href":"https:\/\/247stiri.ro\/index.php\/wp-json\/wp\/v2\/comments?post=11389"}],"version-history":[{"count":0,"href":"https:\/\/247stiri.ro\/index.php\/wp-json\/wp\/v2\/posts\/11389\/revisions"}],"wp:featuredmedia":[{"embeddable":true,"href":"https:\/\/247stiri.ro\/index.php\/wp-json\/wp\/v2\/media\/11390"}],"wp:attachment":[{"href":"https:\/\/247stiri.ro\/index.php\/wp-json\/wp\/v2\/media?parent=11389"}],"wp:term":[{"taxonomy":"category","embeddable":true,"href":"https:\/\/247stiri.ro\/index.php\/wp-json\/wp\/v2\/categories?post=11389"},{"taxonomy":"post_tag","embeddable":true,"href":"https:\/\/247stiri.ro\/index.php\/wp-json\/wp\/v2\/tags?post=11389"}],"curies":[{"name":"wp","href":"https:\/\/api.w.org\/{rel}","templated":true}]}}