{"id":11446,"date":"2024-11-27T19:45:16","date_gmt":"2024-11-27T19:45:16","guid":{"rendered":"https:\/\/247stiri.ro\/index.php\/2024\/11\/27\/calin-georgescu-la-realitatea-plus-sa-avem-alegeri-in-pace-nu-in-razboi-va-indemn-pe-toti-la-pace-si-liniste-sociala\/"},"modified":"2024-11-27T19:45:16","modified_gmt":"2024-11-27T19:45:16","slug":"calin-georgescu-la-realitatea-plus-sa-avem-alegeri-in-pace-nu-in-razboi-va-indemn-pe-toti-la-pace-si-liniste-sociala","status":"publish","type":"post","link":"https:\/\/247stiri.ro\/index.php\/2024\/11\/27\/calin-georgescu-la-realitatea-plus-sa-avem-alegeri-in-pace-nu-in-razboi-va-indemn-pe-toti-la-pace-si-liniste-sociala\/","title":{"rendered":"C\u0103lin Georgescu, la Realitatea PLUS: \u201eS\u0103 avem alegeri \u00een pace, nu \u00een r\u0103zboi. V\u0103 \u00eendemn pe to\u021bi la pace \u0219i lini\u0219te social\u0103\u201d"},"content":{"rendered":"<p>\u201eMesajul principal este legat de faptul c\u0103 v\u0103 \u00eendemn pe to\u021bi la pace \u0219i lini\u0219te social\u0103. Fac un apel la unitate, la calm, respect. \u00cen acela\u0219i timp, voi fi foarte ferm: apelez la toat\u0103 societatea rom\u00e2neasc\u0103. Eu, ca p\u0103rinte, v\u0103 rog pe to\u021bi s\u0103 nu face\u021bi audien\u021b\u0103 cu acei copii care v\u0103d c\u0103 sunt acum \u00een strad\u0103. V\u0103 rog s\u0103 le spune\u021bi s\u0103 mearg\u0103 acas\u0103 la familiile lor, nu vrem s\u0103 se \u00eent\u00e2mple niciun incident! S\u0103 avem alegeri \u00een pace, nu \u00een r\u0103zboi, astfel risc\u0103m s\u0103 c\u00e2\u0219tige r\u0103ul\u201d, a transmis C\u0103lin Georgescu.<\/p>\n<p>\u201eNu avem nevoie dec\u00e2t de pace \u0219i \u00een\u021belegere.\u00a0Institu\u021biile statului, desigur, este nevoie s\u0103-\u0219i fac\u0103 datoria, iar lucrurile se vor \u00eent\u00e2mpla \u00eentr-un ritm normal. Sunt alegeri libere, democratice, unde \u0219i tinerii \u00ee\u0219i pot estima dreptul lor, dar nu \u00een strad\u0103, ci doar prin vot.\u00a0Pentru c\u0103 aceasta este puterea democra\u021biei.\u00a0De asemenea, rezultatul alegelor din 24 noiembrie a fost perfect democratic.<\/p>\n<p>Democra\u021bia, prin voturile cet\u0103\u021benilor, s-a exprimat absolut imaculat prin vot.\u00a0Singurul remediu pe care pot s\u0103-l declar pentru democra\u021bie este mai mult\u0103 democra\u021bie.\u00a0Democra\u021bia trebuie protejat\u0103. De asemenea, v\u0103 rog c\u0103tre toate institu\u021biile statului, c\u0103tre jandarmerie,\u00a0s\u0103 aib\u0103 obliga\u021bia total\u0103 de a nu permite ce s-a \u00eent\u00e2mplat acum c\u00e2\u021biva ani\u201d, a mai spus candidatul.<\/p>\n<p>Mesaj c\u0103tre Elena Lasconi: S\u0103 cear\u0103 la r\u00e2ndul d\u00e2nsei tinerilor s\u0103 mearg\u0103 doar la vot, nu \u00een pia\u021b\u0103<\/p>\n<p>\u201eDe asemenea, c\u0103tre doamna Elena Lasconi.\u00a0Mesajul meu este a\u0219a c\u0103tre d\u00e2nsa: S\u0103 cear\u0103 la r\u00e2ndul d\u00e2nsei tinerilor s\u0103 mearg\u0103 doar la vot, nu \u00een pia\u021b\u0103.\u00a0De ce nu vine d\u00e2nsa la o dezbatere?\u00a0Nu trebuie s\u0103 dezvin\u0103m poporul, ci s\u0103 unim poporul noi printr-o dezbatere.\u00a0Ca s\u0103 \u021binem poporul unit \u0219i democratic doar prin vot, nu prin manifest\u0103ri de strad\u0103.<\/p>\n<p>Avem nevoie de dezbatere de candida\u021bi \u00eentre ei, nu dezbateri \u00een familie sau \u00een strad\u0103.\u00a0Nu oamenii se dezbat\u0103, ci noi candida\u021bii s\u0103 dezbatem\u201d, a spus C\u0103lin Georgescu, la Realitatea PLUS.<\/p>\n<p>\u00a0<\/p>","protected":false},"excerpt":{"rendered":"<p>\u201eMesajul principal este legat de faptul c\u0103 v\u0103 \u00eendemn pe to\u021bi la pace \u0219i lini\u0219te&hellip;<\/p>\n","protected":false},"author":0,"featured_media":11447,"comment_status":"open","ping_status":"open","sticky":false,"template":"","format":"standard","meta":{"footnotes":""},"categories":[2],"tags":[],"class_list":["post-11446","post","type-post","status-publish","format-standard","has-post-thumbnail","hentry","category-actual"],"_links":{"self":[{"href":"https:\/\/247stiri.ro\/index.php\/wp-json\/wp\/v2\/posts\/11446","targetHints":{"allow":["GET"]}}],"collection":[{"href":"https:\/\/247stiri.ro\/index.php\/wp-json\/wp\/v2\/posts"}],"about":[{"href":"https:\/\/247stiri.ro\/index.php\/wp-json\/wp\/v2\/types\/post"}],"replies":[{"embeddable":true,"href":"https:\/\/247stiri.ro\/index.php\/wp-json\/wp\/v2\/comments?post=11446"}],"version-history":[{"count":0,"href":"https:\/\/247stiri.ro\/index.php\/wp-json\/wp\/v2\/posts\/11446\/revisions"}],"wp:featuredmedia":[{"embeddable":true,"href":"https:\/\/247stiri.ro\/index.php\/wp-json\/wp\/v2\/media\/11447"}],"wp:attachment":[{"href":"https:\/\/247stiri.ro\/index.php\/wp-json\/wp\/v2\/media?parent=11446"}],"wp:term":[{"taxonomy":"category","embeddable":true,"href":"https:\/\/247stiri.ro\/index.php\/wp-json\/wp\/v2\/categories?post=11446"},{"taxonomy":"post_tag","embeddable":true,"href":"https:\/\/247stiri.ro\/index.php\/wp-json\/wp\/v2\/tags?post=11446"}],"curies":[{"name":"wp","href":"https:\/\/api.w.org\/{rel}","templated":true}]}}