{"id":11548,"date":"2024-11-28T08:47:19","date_gmt":"2024-11-28T08:47:19","guid":{"rendered":"https:\/\/247stiri.ro\/index.php\/2024\/11\/28\/dorin-iacob-cei-care-se-afla-la-putere-fac-efoturi-disparate-sa-se-mentina-iohannis-a-convocat-csat-din-motive-politice\/"},"modified":"2024-11-28T08:47:19","modified_gmt":"2024-11-28T08:47:19","slug":"dorin-iacob-cei-care-se-afla-la-putere-fac-efoturi-disparate-sa-se-mentina-iohannis-a-convocat-csat-din-motive-politice","status":"publish","type":"post","link":"https:\/\/247stiri.ro\/index.php\/2024\/11\/28\/dorin-iacob-cei-care-se-afla-la-putere-fac-efoturi-disparate-sa-se-mentina-iohannis-a-convocat-csat-din-motive-politice\/","title":{"rendered":"Dorin Iacob: Cei care se afl\u0103 la putere fac efoturi disparate s\u0103 se men\u021bin\u0103. Iohannis a convocat CSAT din motive politice"},"content":{"rendered":"<p>&#8222;Parc\u0103 suntem \u00een 1945, c\u00e2nd for\u021be de st\u00e2nga dirijate, cu adev\u0103rat, de la Moscova, au deturnat cursul votului democratic \u0219i au instaurat comunismul. Acum tr\u0103im ceva similar, dar \u00een alt sens, cei afla\u021bi la putere fac eforturi disperate s\u0103 se men\u021bin\u0103, pe orice cale \u0219i fac un apel, sper c\u0103 niciun serviciu, oameni care au depus jur\u0103m\u00e2ntul militar, nu se vor l\u0103sa t\u00e2r\u00e2\u021bi \u00een jocuri politice disperate.<\/p>\n<p>Asist\u0103m la plecarea de la putere a celor care prin \u0219mecherie \u0219i prin modul \u00een care au organizat alegerile \u0219i-au imaginat c\u0103 se pot men\u021bine la putere.<\/p>\n<p>CSAT este organizat politic, \u0219eful puterii Klaus Iohannis a convocat din ra\u021biuni politice aceast\u0103 structur\u0103, dl. Iohannis n-a convocat CSAT \u00een momente de criz\u0103 real\u0103, c\u00e2nd era r\u0103zboiul din Ucraina&#8221;, a afirmat Dorin Iacob, \u00eentr-o interven\u021bie la Realitatea Plus.<\/p>","protected":false},"excerpt":{"rendered":"<p>&#8222;Parc\u0103 suntem \u00een 1945, c\u00e2nd for\u021be de st\u00e2nga dirijate, cu adev\u0103rat, de la Moscova, au&hellip;<\/p>\n","protected":false},"author":0,"featured_media":11549,"comment_status":"open","ping_status":"open","sticky":false,"template":"","format":"standard","meta":{"footnotes":""},"categories":[2],"tags":[],"class_list":["post-11548","post","type-post","status-publish","format-standard","has-post-thumbnail","hentry","category-actual"],"_links":{"self":[{"href":"https:\/\/247stiri.ro\/index.php\/wp-json\/wp\/v2\/posts\/11548","targetHints":{"allow":["GET"]}}],"collection":[{"href":"https:\/\/247stiri.ro\/index.php\/wp-json\/wp\/v2\/posts"}],"about":[{"href":"https:\/\/247stiri.ro\/index.php\/wp-json\/wp\/v2\/types\/post"}],"replies":[{"embeddable":true,"href":"https:\/\/247stiri.ro\/index.php\/wp-json\/wp\/v2\/comments?post=11548"}],"version-history":[{"count":0,"href":"https:\/\/247stiri.ro\/index.php\/wp-json\/wp\/v2\/posts\/11548\/revisions"}],"wp:featuredmedia":[{"embeddable":true,"href":"https:\/\/247stiri.ro\/index.php\/wp-json\/wp\/v2\/media\/11549"}],"wp:attachment":[{"href":"https:\/\/247stiri.ro\/index.php\/wp-json\/wp\/v2\/media?parent=11548"}],"wp:term":[{"taxonomy":"category","embeddable":true,"href":"https:\/\/247stiri.ro\/index.php\/wp-json\/wp\/v2\/categories?post=11548"},{"taxonomy":"post_tag","embeddable":true,"href":"https:\/\/247stiri.ro\/index.php\/wp-json\/wp\/v2\/tags?post=11548"}],"curies":[{"name":"wp","href":"https:\/\/api.w.org\/{rel}","templated":true}]}}