{"id":1158,"date":"2024-10-23T10:44:47","date_gmt":"2024-10-23T10:44:47","guid":{"rendered":"https:\/\/247stiri.ro\/index.php\/2024\/10\/23\/hrebenciuc-sforarul-sef-nu-neaga-discutia-cu-becali-am-dreptul-la-opinie-strategia-murdara-facuta-de-psd\/"},"modified":"2024-10-23T10:44:47","modified_gmt":"2024-10-23T10:44:47","slug":"hrebenciuc-sforarul-sef-nu-neaga-discutia-cu-becali-am-dreptul-la-opinie-strategia-murdara-facuta-de-psd","status":"publish","type":"post","link":"https:\/\/247stiri.ro\/index.php\/2024\/10\/23\/hrebenciuc-sforarul-sef-nu-neaga-discutia-cu-becali-am-dreptul-la-opinie-strategia-murdara-facuta-de-psd\/","title":{"rendered":"Hrebenciuc, sforarul-\u0219ef, NU neag\u0103 discu\u021bia cu Becali: &#8222;Am dreptul la opinie!&#8221; &#8211; Strategia murdar\u0103 f\u0103cut\u0103 de PSD"},"content":{"rendered":"<p>Gigi Becali, latifundiarul din Pipera care vrea s\u0103 ajung\u0103 \u00een Parlament, a confirmat, mar\u021bi seara, la Realitatea PLUS, toate acuza\u021biile PNL privind \u201eplanul Hrebenciuc\u201d.\u00a0<\/p>\n<p>Mai exact, Becali dezv\u0103luie c\u0103 a fost contactat de fostul lider PSD care trage sforile \u00een campanii s\u0103 \u00eei propun\u0103 s\u0103 \u00eel sus\u021bin\u0103 pe George Simion pentru a ajunge \u00een turul 2 cu Marcel Ciolacu.<\/p>\n<p>Mai mult, Becali a lansat o serie de atacuri la adresa pre\u0219edintelui PSD \u0219i sus\u021bine c\u0103 dac\u0103 Nicolae Ciuc\u0103 ajunge \u00een b\u0103t\u0103lia final\u0103 de la Cotroceni va merge zilnic cu el \u00een campanie.\u00a0<\/p>\n<p>De\u0219i la momentul la care a fost detonat\u0103 &#8222;bomba&#8221; a spus c\u0103 nu \u0219tie ce a declarat Gigi Becali pentru c\u0103 se uita la un meci de fotbal, \u00eentr-o reac\u021bie ulterioar\u0103 nu a negat c\u0103 a discutat cu Becali, \u00eens\u0103 a sus\u021binut c\u0103 nu este implicat \u00een campania lui Marcel Ciolacu.\u00a0<\/p>\n\n<p>\u00a0<\/p>\n<p><a href=\"https:\/\/www.realitatea.net\/stiri\/actual\/gigi-becali-dezvaluiri-incendiare-cum-sia-propus-psd-sa-il-aduca-pe-simion-in-turul-doi-atac-fara-precedent-la-marcel-ciolacu_6717fd03e33b7458f61ddb18\" target=\"_blank\" rel=\"noopener\">Gigi Becali, dezv\u0103luiri incendiare &#8211; cum \u0219i-a propus PSD s\u0103 \u00eel aduc\u0103 pe Simion \u00een turul doi. Atac f\u0103r\u0103 precedent la Marcel Ciolacu<\/a><\/p>","protected":false},"excerpt":{"rendered":"<p>Gigi Becali, latifundiarul din Pipera care vrea s\u0103 ajung\u0103 \u00een Parlament, a confirmat, mar\u021bi seara,&hellip;<\/p>\n","protected":false},"author":0,"featured_media":1159,"comment_status":"open","ping_status":"open","sticky":false,"template":"","format":"standard","meta":{"footnotes":""},"categories":[3],"tags":[],"class_list":["post-1158","post","type-post","status-publish","format-standard","has-post-thumbnail","hentry","category-politica"],"_links":{"self":[{"href":"https:\/\/247stiri.ro\/index.php\/wp-json\/wp\/v2\/posts\/1158","targetHints":{"allow":["GET"]}}],"collection":[{"href":"https:\/\/247stiri.ro\/index.php\/wp-json\/wp\/v2\/posts"}],"about":[{"href":"https:\/\/247stiri.ro\/index.php\/wp-json\/wp\/v2\/types\/post"}],"replies":[{"embeddable":true,"href":"https:\/\/247stiri.ro\/index.php\/wp-json\/wp\/v2\/comments?post=1158"}],"version-history":[{"count":0,"href":"https:\/\/247stiri.ro\/index.php\/wp-json\/wp\/v2\/posts\/1158\/revisions"}],"wp:featuredmedia":[{"embeddable":true,"href":"https:\/\/247stiri.ro\/index.php\/wp-json\/wp\/v2\/media\/1159"}],"wp:attachment":[{"href":"https:\/\/247stiri.ro\/index.php\/wp-json\/wp\/v2\/media?parent=1158"}],"wp:term":[{"taxonomy":"category","embeddable":true,"href":"https:\/\/247stiri.ro\/index.php\/wp-json\/wp\/v2\/categories?post=1158"},{"taxonomy":"post_tag","embeddable":true,"href":"https:\/\/247stiri.ro\/index.php\/wp-json\/wp\/v2\/tags?post=1158"}],"curies":[{"name":"wp","href":"https:\/\/api.w.org\/{rel}","templated":true}]}}