{"id":11627,"date":"2024-11-28T12:44:46","date_gmt":"2024-11-28T12:44:46","guid":{"rendered":"https:\/\/247stiri.ro\/index.php\/2024\/11\/28\/marcel-ciolacu-reactie-dupa-decizia-ccr-nu-este-treaba-mea-sa-comentez-despre-interzicerea-tiktok-nu-voi-fi-niciodata-de-acord-video\/"},"modified":"2024-11-28T12:44:46","modified_gmt":"2024-11-28T12:44:46","slug":"marcel-ciolacu-reactie-dupa-decizia-ccr-nu-este-treaba-mea-sa-comentez-despre-interzicerea-tiktok-nu-voi-fi-niciodata-de-acord-video","status":"publish","type":"post","link":"https:\/\/247stiri.ro\/index.php\/2024\/11\/28\/marcel-ciolacu-reactie-dupa-decizia-ccr-nu-este-treaba-mea-sa-comentez-despre-interzicerea-tiktok-nu-voi-fi-niciodata-de-acord-video\/","title":{"rendered":"Marcel Ciolacu, reac\u021bie dup\u0103 decizia CCR: Nu este treaba mea s\u0103 comentez. Despre interzicerea TiKToK: Nu voi fi niciodat\u0103 de acord &#8211; VIDEO"},"content":{"rendered":"<p>&#8222;Niciodat\u0103 nu am comentat o decizie a unui magistrat sau a Cur\u021bii Constitu\u021bionale. Nu este treaba mea \u0219i nu comentez, nu am comentat decizia unui magistrat. Eu, repet, i-am felicitat pe cei doi care sunt \u00een turul 2, pe unul direct, pentru c\u0103-i \u0219tiam num\u0103rul de telefon.<\/p>\n<p>CSAT nu ia nicio decizie, CSAT informeaz\u0103. Am \u0219i \u00eentrebat dac\u0103 este normal s\u0103 particip la \u0219edin\u021b\u0103 \u0219i mi s-a spus c\u0103 da, pentru c\u0103 nu mai sunt \u00een acest moment candidat li sunt premier al Rom\u00e2niei&#8221;, a declarat Ciolacu.<\/p>\n<p>\u00a0<\/p>\n<p>\u00centrebat despre propunerea vicepre\u0219edintelui ANCOM de a interzice TikTok \u00een Rom\u00e2nia, Marcel Ciolacu a afirmat c\u0103 o astfel de m\u0103sur\u0103 ar putea influen\u021ba at\u00e2t rezultatul alegerilor parlamentare, c\u00e2t \u0219i turul 2 al preziden\u021bialelor.<\/p>\n<p>&#8222;Eu m-am n\u0103scut \u0219i am crescut pe timpul comunismului \u0219i nu sunt de acord s\u0103 se \u00eentrerup\u0103 nimic. Dac\u0103 interzicem \u00een Rom\u00e2nia, ce facem cu cel din Marea Britanie, ce facem cu cel din Fran\u021ba. P\u0103rerea mea c\u0103 intr\u0103 \u00eentr-o zon\u0103 foarte periculoas\u0103 pentru democra\u021bie. Eu nu voi fi de acord cu un astfel de demers niciodat\u0103&#8221;, a mai afirmat premierul.\u00a0<\/p>","protected":false},"excerpt":{"rendered":"<p>&#8222;Niciodat\u0103 nu am comentat o decizie a unui magistrat sau a Cur\u021bii Constitu\u021bionale. Nu este&hellip;<\/p>\n","protected":false},"author":0,"featured_media":11621,"comment_status":"open","ping_status":"open","sticky":false,"template":"","format":"standard","meta":{"footnotes":""},"categories":[2],"tags":[],"class_list":["post-11627","post","type-post","status-publish","format-standard","has-post-thumbnail","hentry","category-actual"],"_links":{"self":[{"href":"https:\/\/247stiri.ro\/index.php\/wp-json\/wp\/v2\/posts\/11627","targetHints":{"allow":["GET"]}}],"collection":[{"href":"https:\/\/247stiri.ro\/index.php\/wp-json\/wp\/v2\/posts"}],"about":[{"href":"https:\/\/247stiri.ro\/index.php\/wp-json\/wp\/v2\/types\/post"}],"replies":[{"embeddable":true,"href":"https:\/\/247stiri.ro\/index.php\/wp-json\/wp\/v2\/comments?post=11627"}],"version-history":[{"count":0,"href":"https:\/\/247stiri.ro\/index.php\/wp-json\/wp\/v2\/posts\/11627\/revisions"}],"wp:featuredmedia":[{"embeddable":true,"href":"https:\/\/247stiri.ro\/index.php\/wp-json\/wp\/v2\/media\/11621"}],"wp:attachment":[{"href":"https:\/\/247stiri.ro\/index.php\/wp-json\/wp\/v2\/media?parent=11627"}],"wp:term":[{"taxonomy":"category","embeddable":true,"href":"https:\/\/247stiri.ro\/index.php\/wp-json\/wp\/v2\/categories?post=11627"},{"taxonomy":"post_tag","embeddable":true,"href":"https:\/\/247stiri.ro\/index.php\/wp-json\/wp\/v2\/tags?post=11627"}],"curies":[{"name":"wp","href":"https:\/\/api.w.org\/{rel}","templated":true}]}}