{"id":11630,"date":"2024-11-28T13:44:54","date_gmt":"2024-11-28T13:44:54","guid":{"rendered":"https:\/\/247stiri.ro\/index.php\/2024\/11\/28\/seful-aep-avertisment-pentru-georgescu-si-lasconi-pana-nu-se-pronunta-ccr-oficial-nu-incepe-campania-pentru-turul-2\/"},"modified":"2024-11-28T13:44:54","modified_gmt":"2024-11-28T13:44:54","slug":"seful-aep-avertisment-pentru-georgescu-si-lasconi-pana-nu-se-pronunta-ccr-oficial-nu-incepe-campania-pentru-turul-2","status":"publish","type":"post","link":"https:\/\/247stiri.ro\/index.php\/2024\/11\/28\/seful-aep-avertisment-pentru-georgescu-si-lasconi-pana-nu-se-pronunta-ccr-oficial-nu-incepe-campania-pentru-turul-2\/","title":{"rendered":"\u0218eful AEP, avertisment pentru Georgescu \u0219i Lasconi: P\u00e2n\u0103 nu se pronun\u0163\u0103 CCR oficial, NU \u00eencepe campania pentru turul 2"},"content":{"rendered":"<p>&#8222;Campania electoral\u0103 pentru turul 2, zice legea, \u00eencepe \u00een momentul \u00een care CCR i-a validat pe primii doi care particip\u0103 \u00een final\u0103. Teoretic, campania electoral\u0103 p\u00e2n\u0103 m\u00e2ine c\u00e2nd se pronun\u0163\u0103 CCR e oprit\u0103. Legea spune c\u0103 \u00eencepe dup\u0103 ce CCR \u00eei valideaz\u0103 pe cei doi care merg \u00een turul doi. P\u00e2n\u0103 nu se pronun\u0163\u0103 CCR oficial nu \u00eencepe campania&#8221;, a explicat Grebl\u0103.<\/p>\n<p>Potrivit calendarului aprobat de Guvern, campania trebuia s\u0103 \u00eenceap\u0103 vineri.<\/p>\n<p>Curtea Constitu\u0163ional\u0103 a Rom\u00e2niei a am\u00e2nat, pentru vineri, luarea unei decizii \u00een ceea ce prive\u015fte cererile de anulare a alegerilor.<\/p>\n<p>Potrivit site-ului CCR, Cristian Terhe\u015f \u015fi Sebastian Constantin Popescu au depus fiecare c\u00e2te o solicitare av\u00e2nd ca obiect &#8222;anulare alegeri preziden\u0163iale \u00een cadrul primului tur de scrutin din data de 24 noiembrie 2024&#8221;.<\/p>","protected":false},"excerpt":{"rendered":"<p>&#8222;Campania electoral\u0103 pentru turul 2, zice legea, \u00eencepe \u00een momentul \u00een care CCR i-a validat&hellip;<\/p>\n","protected":false},"author":0,"featured_media":11631,"comment_status":"open","ping_status":"open","sticky":false,"template":"","format":"standard","meta":{"footnotes":""},"categories":[3],"tags":[],"class_list":["post-11630","post","type-post","status-publish","format-standard","has-post-thumbnail","hentry","category-politica"],"_links":{"self":[{"href":"https:\/\/247stiri.ro\/index.php\/wp-json\/wp\/v2\/posts\/11630","targetHints":{"allow":["GET"]}}],"collection":[{"href":"https:\/\/247stiri.ro\/index.php\/wp-json\/wp\/v2\/posts"}],"about":[{"href":"https:\/\/247stiri.ro\/index.php\/wp-json\/wp\/v2\/types\/post"}],"replies":[{"embeddable":true,"href":"https:\/\/247stiri.ro\/index.php\/wp-json\/wp\/v2\/comments?post=11630"}],"version-history":[{"count":0,"href":"https:\/\/247stiri.ro\/index.php\/wp-json\/wp\/v2\/posts\/11630\/revisions"}],"wp:featuredmedia":[{"embeddable":true,"href":"https:\/\/247stiri.ro\/index.php\/wp-json\/wp\/v2\/media\/11631"}],"wp:attachment":[{"href":"https:\/\/247stiri.ro\/index.php\/wp-json\/wp\/v2\/media?parent=11630"}],"wp:term":[{"taxonomy":"category","embeddable":true,"href":"https:\/\/247stiri.ro\/index.php\/wp-json\/wp\/v2\/categories?post=11630"},{"taxonomy":"post_tag","embeddable":true,"href":"https:\/\/247stiri.ro\/index.php\/wp-json\/wp\/v2\/tags?post=11630"}],"curies":[{"name":"wp","href":"https:\/\/api.w.org\/{rel}","templated":true}]}}