{"id":11637,"date":"2024-11-28T13:44:56","date_gmt":"2024-11-28T13:44:56","guid":{"rendered":"https:\/\/247stiri.ro\/index.php\/2024\/11\/28\/connect-r-despre-cum-optiunea-politica-i-a-anulat-un-concert-am-simpatiile-mele\/"},"modified":"2024-11-28T13:44:56","modified_gmt":"2024-11-28T13:44:56","slug":"connect-r-despre-cum-optiunea-politica-i-a-anulat-un-concert-am-simpatiile-mele","status":"publish","type":"post","link":"https:\/\/247stiri.ro\/index.php\/2024\/11\/28\/connect-r-despre-cum-optiunea-politica-i-a-anulat-un-concert-am-simpatiile-mele\/","title":{"rendered":"Connect-r, despre cum op\u021biunea politic\u0103 i-a anulat un concert: \u201eAm simpatiile mele!\u201d"},"content":{"rendered":"<p>Artistul a explicat c\u0103 a dat doar un citat din Constitu\u021bia Rom\u00e2niei f\u0103r\u0103 s\u0103 \u00eendemne la votul vreunui candidat.\u00a0<\/p>\n<p>\u201eTrebuia s\u0103 c\u00e2nt la un concert&#8230;erau \u0219i copii cu dizabilit\u0103\u021bi. \u00cen urma unui filmule\u021b care exist\u0103 \u0219i acum \u00een care spuneam clar c\u0103 felicit poporul rom\u00e2n, suveran. Acum pentru c\u0103 C\u0103lin Georgescu folose\u0219te acest cuv\u00e2nt&#8230;Nu \u0219tiu cum au reu\u0219it s\u0103 interpreteze \u00een felul \u0103sta cei de la Kiss FM&#8230; mi-au trimis mesaj spun\u00e2ndu-mi c\u0103 nu mai sunt binevenit, c\u0103 \u00een urma filmule\u021bului nu mai corespund valorilor. N-am pronun\u021bat nume de candida\u021bi partide, n-am \u00eendemnat lumea cu cine s\u0103 voteze nu. Regret c\u0103 ave\u021bi astfel de decizii&#8230;\u201d, a zis <a href=\"https:\/\/www.realitatea.net\/stiri\/actual\/fiica-lui-connectr-a-fost-la-un-pas-de-moarte-din-cauza-unui-vaccin-nea-nenorocit-de-atunci-a-inceput-momentul-meu-de-depresie_65fc259082e75713673a0315\" target=\"_blank\">Connect-r.<\/a><\/p>\n<p><a href=\"https:\/\/www.realitatea.net\/stiri\/actual\/vestea-anului-in-showbiz-connectr-se-lasa-de-muzica-viata-nu-e-doar-turneu-aplauze-si-bani_64a507842762a1683f60fc72\" target=\"_blank\">Artistul<\/a> a venit cu explica\u021bii \u00een exclusivitate \u0219i pentru Realitatea PLUS:\u00a0<\/p>\n<p>\u201eToat\u0103 via\u021ba am fost apolitic, n-am sus\u021binut pe nimeni niciodat\u0103. Nu sus\u021bin pe nimeni sau dac\u0103 sus\u021bin, am simpatiile mele, dar le \u021bin pentru mine, pentru apropia\u021bii mei. Ceea ce este strig\u0103tor la cer \u00een zilele astea, este aceast\u0103 form\u0103 de cenzur\u0103&#8230;ur\u00e2t\u0103 \u0219i exagerarea oric\u0103rei virgule sau oric\u0103rui cuv\u00e2nt pe care \u00eel folose\u0219ti ca s\u0103 se fac\u0103 propagand\u0103 sau cenzur\u0103 pentru cel care o face dac\u0103 contravine intereselor lui. Trebuia s\u0103 c\u00e2nt pe 2 decembrie la un concert organizat pentru ni\u0219te copii cu dizabilit\u0103\u021bi. S-au pus afi\u0219e de o lun\u0103 de zile. \u00cen urma unui filmule\u021b, care exist\u0103 \u0219i acum, pentru c\u0103 nu l-am scos. Exist\u0103 \u0219i acum pe pagina mea de TikTok&#8230;\u00een care spuneam clar c\u0103 felicit poporul rom\u00e2n pentru acest exerci\u021biu frumos de unitate&#8230;citez din Constitu\u021bia Rom\u00e2niei unde scrie clar c\u0103 Rom\u00e2nia este un stat independent, suveran, indivizibil \u0219i unitar. Pentru c\u0103 C\u0103lin Georgescu folose\u0219te acest cuv\u00e2nt, \u00een mintea lor s-a desf\u0103\u0219urat cumva&#8230;`Domne, omul este sus\u021bin\u0103tor C\u0103lin Georgescu, ca urmare, consider\u0103m domnul Connect-r c\u0103 nu vrem s\u0103 mai veni\u021bi la acest concert dup\u0103 ce am v\u00e2ndut bilete cu dumneavoastr\u0103, dup\u0103 ce ne-am folosit de imaginea dumneavoastr\u0103 \u00een urma filmule\u021bului pe care l-a\u021bi pus public pe Tiktok-ul dumneavoastr\u0103.`\u201d, a zis artistul.<\/p>\n<p>C\u00e2nt\u0103re\u021bul a postat pe internet \u0219i mesajul pe care l-a primit managerul s\u0103u: \u201ePentru c\u0103 \u00een spa\u021biul public au ap\u0103rut declara\u021bii ale lui Connect-R care contravin at\u00e2t valorilor promovate de noi ca grup de radio, c\u00e2t \u0219i de Asocia\u021bia D\u0103ruie\u0219te Via\u021b\u0103, ne vedem nevoi\u021bi s\u0103 ne retragem invita\u021bia f\u0103cut\u0103 c\u0103tre acesta de a participa la evenimentul Magic Christmas de luni, 2 decembrie 2024\u201d.<\/p>","protected":false},"excerpt":{"rendered":"<p>Artistul a explicat c\u0103 a dat doar un citat din Constitu\u021bia Rom\u00e2niei f\u0103r\u0103 s\u0103 \u00eendemne&hellip;<\/p>\n","protected":false},"author":0,"featured_media":11638,"comment_status":"open","ping_status":"open","sticky":false,"template":"","format":"standard","meta":{"footnotes":""},"categories":[2],"tags":[],"class_list":["post-11637","post","type-post","status-publish","format-standard","has-post-thumbnail","hentry","category-actual"],"_links":{"self":[{"href":"https:\/\/247stiri.ro\/index.php\/wp-json\/wp\/v2\/posts\/11637","targetHints":{"allow":["GET"]}}],"collection":[{"href":"https:\/\/247stiri.ro\/index.php\/wp-json\/wp\/v2\/posts"}],"about":[{"href":"https:\/\/247stiri.ro\/index.php\/wp-json\/wp\/v2\/types\/post"}],"replies":[{"embeddable":true,"href":"https:\/\/247stiri.ro\/index.php\/wp-json\/wp\/v2\/comments?post=11637"}],"version-history":[{"count":0,"href":"https:\/\/247stiri.ro\/index.php\/wp-json\/wp\/v2\/posts\/11637\/revisions"}],"wp:featuredmedia":[{"embeddable":true,"href":"https:\/\/247stiri.ro\/index.php\/wp-json\/wp\/v2\/media\/11638"}],"wp:attachment":[{"href":"https:\/\/247stiri.ro\/index.php\/wp-json\/wp\/v2\/media?parent=11637"}],"wp:term":[{"taxonomy":"category","embeddable":true,"href":"https:\/\/247stiri.ro\/index.php\/wp-json\/wp\/v2\/categories?post=11637"},{"taxonomy":"post_tag","embeddable":true,"href":"https:\/\/247stiri.ro\/index.php\/wp-json\/wp\/v2\/tags?post=11637"}],"curies":[{"name":"wp","href":"https:\/\/api.w.org\/{rel}","templated":true}]}}