{"id":11648,"date":"2024-11-28T14:44:56","date_gmt":"2024-11-28T14:44:56","guid":{"rendered":"https:\/\/247stiri.ro\/index.php\/2024\/11\/28\/cristian-terhes-despre-sesizarea-ilegalitatilor-la-votul-pentru-presedinte-nu-am-dorit-eliminarea-lui-calin-georgescu\/"},"modified":"2024-11-28T14:44:56","modified_gmt":"2024-11-28T14:44:56","slug":"cristian-terhes-despre-sesizarea-ilegalitatilor-la-votul-pentru-presedinte-nu-am-dorit-eliminarea-lui-calin-georgescu","status":"publish","type":"post","link":"https:\/\/247stiri.ro\/index.php\/2024\/11\/28\/cristian-terhes-despre-sesizarea-ilegalitatilor-la-votul-pentru-presedinte-nu-am-dorit-eliminarea-lui-calin-georgescu\/","title":{"rendered":"Cristian Terhe\u0219, despre sesizarea ilegalit\u0103\u021bilor la votul pentru pre\u0219edinte: \u201eNU am dorit eliminarea lui C\u0103lin Georgescu\u201d"},"content":{"rendered":"<p>\u201eElena Lasconi \u0219i USR, prin comportamentul lor din ultima perioad\u0103, au dus la distorsionarea primului tur. Am v\u0103zut c\u0103 trebuie reverificarea \u0219i renum\u0103rarea tuturor buletinelor de vot \u0219i a celor nule, din data de 24 noiembrie. \u00cen ultimele dou\u0103 zile am fost martorii unei imense companii de manipulare ie\u0219it\u0103 din comun, care probabil, \u00een viziunea unora, poate fi catalogat\u0103 drept atac la siguran\u021ba na\u021bional\u0103. Am fost acuzat c\u0103 cer eliminarea lui C\u0103lin Georgescu. Total fals! Comunicatul de la Curtea Constitu\u021bional\u0103 a Rom\u00e2niei demonstreaz\u0103 acest lucru. Acum dou\u0103 zile am prezentat o parte din dovezile care ofer\u0103 indicii temeinice cu privire la fraudarea alegerilor de c\u0103tre USR \u0219i doamna Elena Lasconi. Dar, cu toate acestea, lumea s-a \u00eentors \u00eempotriva mea. Chiar \u0219i \u00een ipoteza relu\u0103rii alegerilor, candida\u021bi care au fost pe buletinul de vot, vor r\u0103m\u00e2ne acolo, candidaturile fiind definitive. Se vorbe\u0219te de implicarea unor actori interni \u0219i externi \u00een aceste alegeri. Dac\u0103 o chestie factual\u0103 legat de cine \u0219i de ce a f\u0103cut sesizarea la CCR \u0219i de ce nu a fost relatat\u0103 corect, atunci ar trebui s\u0103 ne pun\u0103 pe g\u00e2nduri. Am candidat cu g\u00e2ndul la o Rom\u00e2nie puternic\u0103, sigur\u0103 \u0219i prosper\u0103, iar o democra\u021bie puternic\u0103 \u00eenseamn\u0103 informarea corect\u0103 a poporului. Nu doar ce le place unora. \u00cen calitatea de candidat al Partidului Conservator Na\u021bional Rom\u00e2n a f\u0103cut acest lucru \u0219i \u00een campanie \u0219i dup\u0103, iar preocuparea mea e s\u0103 fiu fidel \u021b\u0103rii, adic\u0103 fidel constitu\u021biei\u201d, a declarat Cristian Terhe\u0219.\u00a0<\/p>","protected":false},"excerpt":{"rendered":"<p>\u201eElena Lasconi \u0219i USR, prin comportamentul lor din ultima perioad\u0103, au dus la distorsionarea primului&hellip;<\/p>\n","protected":false},"author":0,"featured_media":11643,"comment_status":"open","ping_status":"open","sticky":false,"template":"","format":"standard","meta":{"footnotes":""},"categories":[2],"tags":[],"class_list":["post-11648","post","type-post","status-publish","format-standard","has-post-thumbnail","hentry","category-actual"],"_links":{"self":[{"href":"https:\/\/247stiri.ro\/index.php\/wp-json\/wp\/v2\/posts\/11648","targetHints":{"allow":["GET"]}}],"collection":[{"href":"https:\/\/247stiri.ro\/index.php\/wp-json\/wp\/v2\/posts"}],"about":[{"href":"https:\/\/247stiri.ro\/index.php\/wp-json\/wp\/v2\/types\/post"}],"replies":[{"embeddable":true,"href":"https:\/\/247stiri.ro\/index.php\/wp-json\/wp\/v2\/comments?post=11648"}],"version-history":[{"count":0,"href":"https:\/\/247stiri.ro\/index.php\/wp-json\/wp\/v2\/posts\/11648\/revisions"}],"wp:featuredmedia":[{"embeddable":true,"href":"https:\/\/247stiri.ro\/index.php\/wp-json\/wp\/v2\/media\/11643"}],"wp:attachment":[{"href":"https:\/\/247stiri.ro\/index.php\/wp-json\/wp\/v2\/media?parent=11648"}],"wp:term":[{"taxonomy":"category","embeddable":true,"href":"https:\/\/247stiri.ro\/index.php\/wp-json\/wp\/v2\/categories?post=11648"},{"taxonomy":"post_tag","embeddable":true,"href":"https:\/\/247stiri.ro\/index.php\/wp-json\/wp\/v2\/tags?post=11648"}],"curies":[{"name":"wp","href":"https:\/\/api.w.org\/{rel}","templated":true}]}}