{"id":11652,"date":"2024-11-28T14:44:57","date_gmt":"2024-11-28T14:44:57","guid":{"rendered":"https:\/\/247stiri.ro\/index.php\/2024\/11\/28\/selly-intervine-in-scandalul-momentului-ce-spune-despre-campania-pe-toktok-a-lui-calin-georgescu\/"},"modified":"2024-11-28T14:44:57","modified_gmt":"2024-11-28T14:44:57","slug":"selly-intervine-in-scandalul-momentului-ce-spune-despre-campania-pe-toktok-a-lui-calin-georgescu","status":"publish","type":"post","link":"https:\/\/247stiri.ro\/index.php\/2024\/11\/28\/selly-intervine-in-scandalul-momentului-ce-spune-despre-campania-pe-toktok-a-lui-calin-georgescu\/","title":{"rendered":"Selly intervine \u00een scandalul momentului. Ce spune despre campania pe TokTok a lui C\u0103lin Georgescu?"},"content":{"rendered":"<p>&#8222;Mul\u021bi oameni au mers la vot f\u0103r\u0103 s\u0103 aib\u0103 o documentare profund\u0103, cu siguran\u021b\u0103 c\u0103 \u00een baza c\u00e2torva video pe TikTok nu po\u021bi avea o p\u0103rere coerent\u0103, de aceea este bine ca fiecare s\u0103-\u0219i acorde c\u00e2teva ore s\u0103 se documenteze, mai ales c\u0103 pentru parlamentare s-a vorbit foarte pu\u021bin \u0219i sunt cel pu\u021bin la fel de importante&#8221;, a comentat Selly.\u00a0<\/p>\n<p>Influncerul a fost comentat \u0219i scenariile cel mai des vehiculare, privind implicarea unor entit\u0103\u021bi sau persoane cu o vast\u0103 experien\u021b\u0103, care ar fi folosit mijloace incorecte pentru promovarea candidatul independent la pre\u0219edin\u021bie.<\/p>\n<p>&#8222;Pot s\u0103 v\u0103 spun c\u0103 TikTok observa c\u0103 atunci c\u00e2nd un video prezint interes, \u00eel distribuie c\u0103tre un bazin de oameni tot mai mare, pe m\u0103suri ce ace\u0219tia reac\u021bioneaz\u0103, deci cre\u0219terea pe TikTok este exponen\u021bial\u0103 atunci c\u00e2nd un video atrage aten\u021bia, poate chiar folosind anumite grupuri constituite pe criterii psihologice.<\/p>\n<p>Suspendarea TikTok<\/p>\n<p>Mi se pare exagerat\u0103, dar nu am toate datele s\u0103 comentez acest aspect. Trebuie v\u0103zut dac\u0103 s-au produs \u0219i lucruri care dep\u0103\u0219esc algoritmii acestei platforme. Dac\u0103 se dovede\u0219te c\u0103 s-au \u00eent\u00e2mplat lucruri anormale si algoritmii s-au comportat \u00een mod diferit, atunci vorbim despre o situa\u021bie grav\u0103&#8221;, a comentat Selly la Realitatea Plus.<\/p>","protected":false},"excerpt":{"rendered":"<p>&#8222;Mul\u021bi oameni au mers la vot f\u0103r\u0103 s\u0103 aib\u0103 o documentare profund\u0103, cu siguran\u021b\u0103 c\u0103&hellip;<\/p>\n","protected":false},"author":0,"featured_media":11647,"comment_status":"open","ping_status":"open","sticky":false,"template":"","format":"standard","meta":{"footnotes":""},"categories":[2],"tags":[],"class_list":["post-11652","post","type-post","status-publish","format-standard","has-post-thumbnail","hentry","category-actual"],"_links":{"self":[{"href":"https:\/\/247stiri.ro\/index.php\/wp-json\/wp\/v2\/posts\/11652","targetHints":{"allow":["GET"]}}],"collection":[{"href":"https:\/\/247stiri.ro\/index.php\/wp-json\/wp\/v2\/posts"}],"about":[{"href":"https:\/\/247stiri.ro\/index.php\/wp-json\/wp\/v2\/types\/post"}],"replies":[{"embeddable":true,"href":"https:\/\/247stiri.ro\/index.php\/wp-json\/wp\/v2\/comments?post=11652"}],"version-history":[{"count":0,"href":"https:\/\/247stiri.ro\/index.php\/wp-json\/wp\/v2\/posts\/11652\/revisions"}],"wp:featuredmedia":[{"embeddable":true,"href":"https:\/\/247stiri.ro\/index.php\/wp-json\/wp\/v2\/media\/11647"}],"wp:attachment":[{"href":"https:\/\/247stiri.ro\/index.php\/wp-json\/wp\/v2\/media?parent=11652"}],"wp:term":[{"taxonomy":"category","embeddable":true,"href":"https:\/\/247stiri.ro\/index.php\/wp-json\/wp\/v2\/categories?post=11652"},{"taxonomy":"post_tag","embeddable":true,"href":"https:\/\/247stiri.ro\/index.php\/wp-json\/wp\/v2\/tags?post=11652"}],"curies":[{"name":"wp","href":"https:\/\/api.w.org\/{rel}","templated":true}]}}