{"id":11655,"date":"2024-11-28T14:44:57","date_gmt":"2024-11-28T14:44:57","guid":{"rendered":"https:\/\/247stiri.ro\/index.php\/2024\/11\/28\/ce-mesaj-are-calin-georgescu-pentru-elena-lasconi-anuntul-a-fost-facut-in-exclusivitate-la-emisiunea-culisele-statului-paralel\/"},"modified":"2024-11-28T14:44:57","modified_gmt":"2024-11-28T14:44:57","slug":"ce-mesaj-are-calin-georgescu-pentru-elena-lasconi-anuntul-a-fost-facut-in-exclusivitate-la-emisiunea-culisele-statului-paralel","status":"publish","type":"post","link":"https:\/\/247stiri.ro\/index.php\/2024\/11\/28\/ce-mesaj-are-calin-georgescu-pentru-elena-lasconi-anuntul-a-fost-facut-in-exclusivitate-la-emisiunea-culisele-statului-paralel\/","title":{"rendered":"Ce mesaj are C\u0103lin Georgescu pentru Elena Lasconi? Anun\u021bul a fost f\u0103cut \u00een exclusivitate la emisiunea Culisele Statului Paralel"},"content":{"rendered":"<p><a href=\"https:\/\/www.realitatea.net\/stiri\/politica\/seful-aep-avertisment-pentru-georgescu-si-lasconi-pana-nu-se-pronunta-ccr-oficial-nu-incepe-campania-pentru-turul-2_67486815d06400243a62d629\" target=\"_blank\">Anun\u021bul a fost f\u0103cut<\/a> \u00een exclusivitate la emisiunea Culisele Statului Paralel moderat\u0103 de Anca Alexandrescu. Candidatul independent spune c\u0103 a lansat mai multe invita\u021bii.\u00a0<\/p>\n<p>\u201eEu am invitat-o permanent, \u0219i acum o fac, pe doamna Lasconi \u0219i o invit \u00eentr-o discu\u021bie pentru c\u0103 aceasta este spre binele tuturor. Sigur, d\u00e2nsa a refuzat. Categoric c\u0103 este dreptul d\u00e2nsei, dar a\u0219a cum v-am precizat este bine s\u0103 avem dezbatere \u00eentre candida\u021bi.\u201d, a transmis candidatul independent la preziden\u021biale &#8211; <a href=\"https:\/\/www.realitatea.net\/stiri\/politica\/ce-rol-va-avea-sotia-lui-calin-georgescu-daca-acesta-va-iesi-presedinte-sotia-mea-va-sluji-aceasta-tara_67485f39f6f76813b541c2d5\" target=\"_blank\">C\u0103lin Georgescu.<\/a><\/p>","protected":false},"excerpt":{"rendered":"<p>Anun\u021bul a fost f\u0103cut \u00een exclusivitate la emisiunea Culisele Statului Paralel moderat\u0103 de Anca Alexandrescu.&hellip;<\/p>\n","protected":false},"author":0,"featured_media":11656,"comment_status":"open","ping_status":"open","sticky":false,"template":"","format":"standard","meta":{"footnotes":""},"categories":[2],"tags":[],"class_list":["post-11655","post","type-post","status-publish","format-standard","has-post-thumbnail","hentry","category-actual"],"_links":{"self":[{"href":"https:\/\/247stiri.ro\/index.php\/wp-json\/wp\/v2\/posts\/11655","targetHints":{"allow":["GET"]}}],"collection":[{"href":"https:\/\/247stiri.ro\/index.php\/wp-json\/wp\/v2\/posts"}],"about":[{"href":"https:\/\/247stiri.ro\/index.php\/wp-json\/wp\/v2\/types\/post"}],"replies":[{"embeddable":true,"href":"https:\/\/247stiri.ro\/index.php\/wp-json\/wp\/v2\/comments?post=11655"}],"version-history":[{"count":0,"href":"https:\/\/247stiri.ro\/index.php\/wp-json\/wp\/v2\/posts\/11655\/revisions"}],"wp:featuredmedia":[{"embeddable":true,"href":"https:\/\/247stiri.ro\/index.php\/wp-json\/wp\/v2\/media\/11656"}],"wp:attachment":[{"href":"https:\/\/247stiri.ro\/index.php\/wp-json\/wp\/v2\/media?parent=11655"}],"wp:term":[{"taxonomy":"category","embeddable":true,"href":"https:\/\/247stiri.ro\/index.php\/wp-json\/wp\/v2\/categories?post=11655"},{"taxonomy":"post_tag","embeddable":true,"href":"https:\/\/247stiri.ro\/index.php\/wp-json\/wp\/v2\/tags?post=11655"}],"curies":[{"name":"wp","href":"https:\/\/api.w.org\/{rel}","templated":true}]}}