{"id":1166,"date":"2024-10-23T10:44:48","date_gmt":"2024-10-23T10:44:48","guid":{"rendered":"https:\/\/247stiri.ro\/index.php\/2024\/10\/23\/tragedie-in-portul-constanta-un-barbat-a-murit-dupa-ce-a-cazut-de-la-8-metri-inaltime-politia-si-itm-ancheteaza-cazul\/"},"modified":"2024-10-23T10:44:48","modified_gmt":"2024-10-23T10:44:48","slug":"tragedie-in-portul-constanta-un-barbat-a-murit-dupa-ce-a-cazut-de-la-8-metri-inaltime-politia-si-itm-ancheteaza-cazul","status":"publish","type":"post","link":"https:\/\/247stiri.ro\/index.php\/2024\/10\/23\/tragedie-in-portul-constanta-un-barbat-a-murit-dupa-ce-a-cazut-de-la-8-metri-inaltime-politia-si-itm-ancheteaza-cazul\/","title":{"rendered":"Tragedie \u00een Portul Constan\u021ba: un b\u0103rbat a MURIT dup\u0103 ce a c\u0103zut de la 8 metri \u00een\u0103l\u021bime. Poli\u021bia \u0219i ITM ancheteaz\u0103 cazul"},"content":{"rendered":"<p>Un b\u0103rbat a c\u0103zut de la \u00een\u0103l\u021bime, \u00een Dana 68, Portul Constan\u021ba. La fa\u021ba locului s-au deplasat un echipaj SAJ B2, un SMURD B si un SAJ C2.<\/p>\n<p>Din primele informa\u021bii, b\u0103rbatul ar fi c\u0103zut de pe pod, de la o \u00een\u0103l\u021bime de aproximativ 8 metri.<\/p>\n\n<p>Potrivit IPJ Constan\u021ba, la data de 23 octombrie a.c., \u00een jurul orei 10.10, poli\u021bi\u0219ti din cadrul Sec\u021biei de Poli\u021bie Port au fost sesiza\u021bi cu privire la faptul c\u0103 un b\u0103rbat ar fi c\u0103zut de la aproximativ 8 metri, \u00een timp ce ar fi efectuat repara\u021bii de sudur\u0103, \u00een Dana 68 a Portului Constan\u021ba.<\/p>\n<p>Poli\u021bi\u0219tii deplasa\u021bi la fa\u021ba locului au constatat c\u0103 cele sesizate se confirm\u0103, fiind vorba despre un b\u0103rbat de 58 de ani. Personalul medical ajuns la fa\u021ba locului a efectuat b\u0103rbatului manevrele de resuscitare, ulterior fiind declarat decedat. \u00cen cauz\u0103, poli\u021bi\u0219tii continu\u0103 cercet\u0103rile, \u00een vederea stabilirii cu exactitate a tuturor \u00eemprejur\u0103rilor producerii evenimentului.<\/p>\n<p><a href=\"https:\/\/www.realitatea.net\/stiri\/actual\/incident-teribil-in-clujnapoca-barbat-mort-dupa-ce-a-cazut-de-la-etajul-3-sa-deschis-dosar-penal_61f58911c9dc8727a535a262\" target=\"_blank\" rel=\"noopener\">Incident teribil \u00een Cluj-Napoca: B\u0103rbat MORT dup\u0103 ce a c\u0103zut de la etajul 3 &#8211; S-a deschis dosar PENAL<\/a><\/p>\n<p>La fa\u021ba locului s-a deplasat \u0219i Inspectoratul Teritorial de Munc\u0103 Constan\u021ba pentru a determina \u00eemprejur\u0103rile \u00een care a avut loc decesul acestuia.<\/p>\n<p>\u00a0<\/p>","protected":false},"excerpt":{"rendered":"<p>Un b\u0103rbat a c\u0103zut de la \u00een\u0103l\u021bime, \u00een Dana 68, Portul Constan\u021ba. La fa\u021ba locului&hellip;<\/p>\n","protected":false},"author":0,"featured_media":1167,"comment_status":"open","ping_status":"open","sticky":false,"template":"","format":"standard","meta":{"footnotes":""},"categories":[2],"tags":[],"class_list":["post-1166","post","type-post","status-publish","format-standard","has-post-thumbnail","hentry","category-actual"],"_links":{"self":[{"href":"https:\/\/247stiri.ro\/index.php\/wp-json\/wp\/v2\/posts\/1166","targetHints":{"allow":["GET"]}}],"collection":[{"href":"https:\/\/247stiri.ro\/index.php\/wp-json\/wp\/v2\/posts"}],"about":[{"href":"https:\/\/247stiri.ro\/index.php\/wp-json\/wp\/v2\/types\/post"}],"replies":[{"embeddable":true,"href":"https:\/\/247stiri.ro\/index.php\/wp-json\/wp\/v2\/comments?post=1166"}],"version-history":[{"count":0,"href":"https:\/\/247stiri.ro\/index.php\/wp-json\/wp\/v2\/posts\/1166\/revisions"}],"wp:featuredmedia":[{"embeddable":true,"href":"https:\/\/247stiri.ro\/index.php\/wp-json\/wp\/v2\/media\/1167"}],"wp:attachment":[{"href":"https:\/\/247stiri.ro\/index.php\/wp-json\/wp\/v2\/media?parent=1166"}],"wp:term":[{"taxonomy":"category","embeddable":true,"href":"https:\/\/247stiri.ro\/index.php\/wp-json\/wp\/v2\/categories?post=1166"},{"taxonomy":"post_tag","embeddable":true,"href":"https:\/\/247stiri.ro\/index.php\/wp-json\/wp\/v2\/tags?post=1166"}],"curies":[{"name":"wp","href":"https:\/\/api.w.org\/{rel}","templated":true}]}}