{"id":11668,"date":"2024-11-28T15:45:02","date_gmt":"2024-11-28T15:45:02","guid":{"rendered":"https:\/\/247stiri.ro\/index.php\/2024\/11\/28\/inca-o-tara-din-europa-cere-sa-intre-in-nato-pana-atunci-va-oferi-sua-o-baza-aeriana\/"},"modified":"2024-11-28T15:45:02","modified_gmt":"2024-11-28T15:45:02","slug":"inca-o-tara-din-europa-cere-sa-intre-in-nato-pana-atunci-va-oferi-sua-o-baza-aeriana","status":"publish","type":"post","link":"https:\/\/247stiri.ro\/index.php\/2024\/11\/28\/inca-o-tara-din-europa-cere-sa-intre-in-nato-pana-atunci-va-oferi-sua-o-baza-aeriana\/","title":{"rendered":"\u00cenc\u0103 o \u021bar\u0103 din Europa cere s\u0103 intre \u00een NATO. P\u00e2n\u0103 atunci, va oferi SUA o baz\u0103 aerian\u0103"},"content":{"rendered":"<p>Pre\u015fedintele Republicii Cipru, Nikos Christodoulides, a anun\u0163at joi, 28 noiembrie, c\u0103 \u0163ara sa inten\u0163ioneaz\u0103 s\u0103 solicite aderarea la NATO la momentul potrivit, transmite DPA.<\/p>\n<p>\u00centr-o declara\u0163ie pentru postul na\u0163ional de radio cipriot, Christodoulides a declarat c\u0103 este con\u015ftient c\u0103 Turcia, \u0163ar\u0103 care a aderat al\u0103turi de Grecia la NATO \u00een 1952, se opune unei intr\u0103ri a Ciprului \u00een Alian\u0163a Nord-Atlantic\u0103 at\u00e2t timp c\u00e2t insula r\u0103m\u00e2ne divizat\u0103 \u015fi ciprio\u0163ii turci nu au niciun cuv\u00e2nt de spus \u00een aceast\u0103 decizie.<\/p>\n<p>El a ad\u0103ugat c\u0103 Ciprul \u00ee\u015fi extinde cooperarea militar\u0103 cu SUA \u00een pofida criticilor exprimate de Ankara \u00een aceast\u0103 privin\u0163\u0103.<\/p>\n<p>Ciprul va oferi SUA o baz\u0103 aerian\u0103, par\u0163ial ca urmare a proximit\u0103\u0163ii sale geografice fa\u0163\u0103 de Orientul Mijlociu.<\/p>\n<p>Insula Cipru este divizat\u0103 din 1974. Turcia este singura \u0163ar\u0103 ce recunoa\u015fte &#8216;Republica Turc\u0103 a Ciprului de Nord&#8217;, entitatea ocupat\u0103 de trupele turce \u00een partea de nord a insulei. \u00cen acela\u015fi timp, Ankara nu recunoa\u015fte Ciprul ca stat, care a aderat la Uniunea European\u0103 \u00een 2004. \u00cen acest context, legisla\u0163ia UE se aplic\u0103 doar \u00een partea de sud a Ciprului.<\/p>\n<p>NATO are \u00een prezent 32 de state membre, dintre care 23 sunt \u015fi membre ale Uniunii Europene (Austria, Cipru, Irlanda \u015fi Malta nu fac parte din NATO). Cel mai nou membru este Suedia, intrat\u0103 \u00een Alian\u0163\u0103 \u00een acest an.<\/p>","protected":false},"excerpt":{"rendered":"<p>Pre\u015fedintele Republicii Cipru, Nikos Christodoulides, a anun\u0163at joi, 28 noiembrie, c\u0103 \u0163ara sa inten\u0163ioneaz\u0103 s\u0103&hellip;<\/p>\n","protected":false},"author":0,"featured_media":11658,"comment_status":"open","ping_status":"open","sticky":false,"template":"","format":"standard","meta":{"footnotes":""},"categories":[2],"tags":[],"class_list":["post-11668","post","type-post","status-publish","format-standard","has-post-thumbnail","hentry","category-actual"],"_links":{"self":[{"href":"https:\/\/247stiri.ro\/index.php\/wp-json\/wp\/v2\/posts\/11668","targetHints":{"allow":["GET"]}}],"collection":[{"href":"https:\/\/247stiri.ro\/index.php\/wp-json\/wp\/v2\/posts"}],"about":[{"href":"https:\/\/247stiri.ro\/index.php\/wp-json\/wp\/v2\/types\/post"}],"replies":[{"embeddable":true,"href":"https:\/\/247stiri.ro\/index.php\/wp-json\/wp\/v2\/comments?post=11668"}],"version-history":[{"count":0,"href":"https:\/\/247stiri.ro\/index.php\/wp-json\/wp\/v2\/posts\/11668\/revisions"}],"wp:featuredmedia":[{"embeddable":true,"href":"https:\/\/247stiri.ro\/index.php\/wp-json\/wp\/v2\/media\/11658"}],"wp:attachment":[{"href":"https:\/\/247stiri.ro\/index.php\/wp-json\/wp\/v2\/media?parent=11668"}],"wp:term":[{"taxonomy":"category","embeddable":true,"href":"https:\/\/247stiri.ro\/index.php\/wp-json\/wp\/v2\/categories?post=11668"},{"taxonomy":"post_tag","embeddable":true,"href":"https:\/\/247stiri.ro\/index.php\/wp-json\/wp\/v2\/tags?post=11668"}],"curies":[{"name":"wp","href":"https:\/\/api.w.org\/{rel}","templated":true}]}}