{"id":11687,"date":"2024-11-28T16:44:55","date_gmt":"2024-11-28T16:44:55","guid":{"rendered":"https:\/\/247stiri.ro\/index.php\/2024\/11\/28\/george-simion-nu-voi-mai-candida-daca-va-avea-lor-repetarea-alegerilor-merg-alaturi-de-calin-georgescu\/"},"modified":"2024-11-28T16:44:55","modified_gmt":"2024-11-28T16:44:55","slug":"george-simion-nu-voi-mai-candida-daca-va-avea-lor-repetarea-alegerilor-merg-alaturi-de-calin-georgescu","status":"publish","type":"post","link":"https:\/\/247stiri.ro\/index.php\/2024\/11\/28\/george-simion-nu-voi-mai-candida-daca-va-avea-lor-repetarea-alegerilor-merg-alaturi-de-calin-georgescu\/","title":{"rendered":"George Simion: \u201eNU voi mai candida dac\u0103 va avea lor repetarea alegerilor. Merg al\u0103turi de C\u0103lin Georgescu\u201d"},"content":{"rendered":"<p>\u201eAzi, Marcel Ciolacu a zis c\u0103 nu comenteaz\u0103 deciziile CCR. Nu \u0219tiu cine a avut interese s\u0103 dea \u0219i mai departe declara\u021biile lui Gigi Becali. Toate studiile ar\u0103tau c\u0103 suntem \u00een turul 2, iar oamenii au ales pe altcineva. Eu, de Hrebenciuc, nu mai vreau s\u0103 aud, declara\u021biile lui Gigi Becali despre Hrebenciuc m-au afectat. Nu vreau s\u0103 comentez ce pl\u00e2ngeri s-au f\u0103cut. Imaginea de ansamblu este urm\u0103toarea: CCR a cerut scoaterea lui \u0218o\u0219oac\u0103 din alegeri, iar decizia de azi, cu atacul cibernetic, se \u00eencearc\u0103 scoaterea \u0219i lui C\u0103lin Georgescu \u0219i \u00eenc\u0103lcarea voin\u021bei poporului, sunt primul dezam\u0103git de aceste alegeri \u0219i c\u0103 nu am primit insuficiente voturi, dar asta nu \u00eenseamn\u0103 c\u0103 umblu \u00een subteranele politice. Am fost lucrat \u0219i sabotat, dar nu cer renum\u0103rarea. Am decis s\u0103 \u00eel urmez pe cel pe care rom\u00e2nii l-au votat. Nu cer func\u021bii, nu vreau renum\u0103rarea. Cer ca institu\u021biile statului s\u0103 nu ia parte la acest joc.<\/p>\n<p>Sunt un om de onoare \u0219i \u00eel voi sus\u021bine pe C\u0103lin Georgescu \u0219i nu mai comentez. Nu mai candidez, pentru c\u0103 rom\u00e2nii \u0219i-au expirat op\u021biunea. \u00cel sus\u021bin pe C\u0103lin Georgescu dac\u0103 se reiau alegerile. Nu \u0219tiu dac\u0103 CSAT are puteri executive, ci doar consultative. STS spune c\u0103 nu s-a \u00eent\u00e2mplat nimic \u00een neregul\u0103. Dac\u0103 sunt dovezi clare, abia atunci putem vorbi, p\u00e2n\u0103 atunci CSAT e format din persoane cu func\u021bii politice. Atunci ce \u00een\u021belegem c\u0103 ei se aga\u021b\u0103 de putere \u0219i nu recunosc \u00eenfr\u00e2ngerea. Am cerut predarea pa\u0219nic\u0103 a puterii. Cei care se aga\u021b\u0103 de putere vor fi taxa\u021bi la urm\u0103toarele voturi. Cei care fac parte din aceasta conspira\u021bie vor s\u0103 ajung\u0103 la lovitur\u0103 de stat. M\u0103 voi lupta p\u00e2n\u0103 la cap\u0103t, iar singura solu\u021bie este ca duminic\u0103 rom\u00e2nii s\u0103 ias\u0103 la vot. Partidul care iese pe primul loc duminic\u0103 are puterea de opri aceast\u0103 nebunie\u201d, a declarat pentru Realitatea Plus George Simion.<\/p>","protected":false},"excerpt":{"rendered":"<p>\u201eAzi, Marcel Ciolacu a zis c\u0103 nu comenteaz\u0103 deciziile CCR. Nu \u0219tiu cine a avut&hellip;<\/p>\n","protected":false},"author":0,"featured_media":11682,"comment_status":"open","ping_status":"open","sticky":false,"template":"","format":"standard","meta":{"footnotes":""},"categories":[2],"tags":[],"class_list":["post-11687","post","type-post","status-publish","format-standard","has-post-thumbnail","hentry","category-actual"],"_links":{"self":[{"href":"https:\/\/247stiri.ro\/index.php\/wp-json\/wp\/v2\/posts\/11687","targetHints":{"allow":["GET"]}}],"collection":[{"href":"https:\/\/247stiri.ro\/index.php\/wp-json\/wp\/v2\/posts"}],"about":[{"href":"https:\/\/247stiri.ro\/index.php\/wp-json\/wp\/v2\/types\/post"}],"replies":[{"embeddable":true,"href":"https:\/\/247stiri.ro\/index.php\/wp-json\/wp\/v2\/comments?post=11687"}],"version-history":[{"count":0,"href":"https:\/\/247stiri.ro\/index.php\/wp-json\/wp\/v2\/posts\/11687\/revisions"}],"wp:featuredmedia":[{"embeddable":true,"href":"https:\/\/247stiri.ro\/index.php\/wp-json\/wp\/v2\/media\/11682"}],"wp:attachment":[{"href":"https:\/\/247stiri.ro\/index.php\/wp-json\/wp\/v2\/media?parent=11687"}],"wp:term":[{"taxonomy":"category","embeddable":true,"href":"https:\/\/247stiri.ro\/index.php\/wp-json\/wp\/v2\/categories?post=11687"},{"taxonomy":"post_tag","embeddable":true,"href":"https:\/\/247stiri.ro\/index.php\/wp-json\/wp\/v2\/tags?post=11687"}],"curies":[{"name":"wp","href":"https:\/\/api.w.org\/{rel}","templated":true}]}}