{"id":11701,"date":"2024-11-28T17:44:55","date_gmt":"2024-11-28T17:44:55","guid":{"rendered":"https:\/\/247stiri.ro\/index.php\/2024\/11\/28\/ludovic-orban-nu-avem-nicio-garantie-ca-nu-au-fost-introduse-in-saci-buletine-de-vot-cu-voturi-pentru-ciolacu-de-catre-cei-de-la-putere\/"},"modified":"2024-11-28T17:44:55","modified_gmt":"2024-11-28T17:44:55","slug":"ludovic-orban-nu-avem-nicio-garantie-ca-nu-au-fost-introduse-in-saci-buletine-de-vot-cu-voturi-pentru-ciolacu-de-catre-cei-de-la-putere","status":"publish","type":"post","link":"https:\/\/247stiri.ro\/index.php\/2024\/11\/28\/ludovic-orban-nu-avem-nicio-garantie-ca-nu-au-fost-introduse-in-saci-buletine-de-vot-cu-voturi-pentru-ciolacu-de-catre-cei-de-la-putere\/","title":{"rendered":"Ludovic Orban: \u201eNu avem nicio garan\u021bie c\u0103 nu au fost introduse \u00een saci buletine de vot cu voturi pentru Ciolacu de c\u0103tre cei de la putere\u201d"},"content":{"rendered":"<p>Orban explic\u0103, astfel, de ce anun\u021base c\u0103, \u00een opinia lui, decizia CCR de renum\u0103rare a voturilor este o tentativ\u0103 de fraudare a alegerilor.<\/p>\n<p>\u201eSimt nevoia s\u0103 explic mai clar de ce am spus c\u0103 decizia CCR este adev\u0103rata tentativ\u0103 de fraudare. V\u0103 rog s\u0103 citi\u021bi.BEC decide acum cum va decurge procedura de renum\u0103rare.\u00a0Dar, de trei zile, sacii cu buletinele de vot sunt \u00een custodia autorit\u0103\u021bilor controlate de PSDNL, la prefecturi, sub paza poli\u021biei, f\u0103r\u0103 prezen\u021ba unor reprezentan\u021bi ai altor partide. \u00cen acest timp, nu avem nicio garan\u021bie c\u0103 nu au fost introduse \u00een saci buletine de vot cu voturi pentru Ciolacu de c\u0103tre cei de la putere, sub ochii subordona\u021bilor din institu\u021biile conduse de oameni numi\u021bi politic de c\u0103tre partidele de guvern\u0103m\u00e2nt. Apari\u021bia acestor voturi, care este posibil s\u0103 fi fost introduse \u00een saci, va schimba rezultatul votului.\u00a0Mai mult dec\u00e2t at\u00e2t, chiar dac\u0103 nu au b\u0103gat p\u00e2n\u0103 acum buletine de vot false \u00een plus cu Ciolacu, pot ca, \u00een cursul haosului creat \u00een cadrul procesului de num\u0103rare, s\u0103 bage buletine de vot \u00een plus, modific\u00e2nd rezultatul.\u00a0\u00cen cazul \u00een care rezultatul, viciat de introducerea frauduloas\u0103 de buletine de vot \u00een plus fa\u021b\u0103 de buletinele de vot ini\u021biale, va fi diferit de rezultatul real al alegerilor, va exista temei pentru CCR ca s\u0103 anuleze primul tur al alegerilor preziden\u021biale!\u201d, a declarat Ludovic Orban, \u00eentr-o postare pe Facebook.\u00a0<\/p>","protected":false},"excerpt":{"rendered":"<p>Orban explic\u0103, astfel, de ce anun\u021base c\u0103, \u00een opinia lui, decizia CCR de renum\u0103rare a&hellip;<\/p>\n","protected":false},"author":0,"featured_media":11698,"comment_status":"open","ping_status":"open","sticky":false,"template":"","format":"standard","meta":{"footnotes":""},"categories":[2],"tags":[],"class_list":["post-11701","post","type-post","status-publish","format-standard","has-post-thumbnail","hentry","category-actual"],"_links":{"self":[{"href":"https:\/\/247stiri.ro\/index.php\/wp-json\/wp\/v2\/posts\/11701","targetHints":{"allow":["GET"]}}],"collection":[{"href":"https:\/\/247stiri.ro\/index.php\/wp-json\/wp\/v2\/posts"}],"about":[{"href":"https:\/\/247stiri.ro\/index.php\/wp-json\/wp\/v2\/types\/post"}],"replies":[{"embeddable":true,"href":"https:\/\/247stiri.ro\/index.php\/wp-json\/wp\/v2\/comments?post=11701"}],"version-history":[{"count":0,"href":"https:\/\/247stiri.ro\/index.php\/wp-json\/wp\/v2\/posts\/11701\/revisions"}],"wp:featuredmedia":[{"embeddable":true,"href":"https:\/\/247stiri.ro\/index.php\/wp-json\/wp\/v2\/media\/11698"}],"wp:attachment":[{"href":"https:\/\/247stiri.ro\/index.php\/wp-json\/wp\/v2\/media?parent=11701"}],"wp:term":[{"taxonomy":"category","embeddable":true,"href":"https:\/\/247stiri.ro\/index.php\/wp-json\/wp\/v2\/categories?post=11701"},{"taxonomy":"post_tag","embeddable":true,"href":"https:\/\/247stiri.ro\/index.php\/wp-json\/wp\/v2\/tags?post=11701"}],"curies":[{"name":"wp","href":"https:\/\/api.w.org\/{rel}","templated":true}]}}