{"id":11705,"date":"2024-11-28T17:44:56","date_gmt":"2024-11-28T17:44:56","guid":{"rendered":"https:\/\/247stiri.ro\/index.php\/2024\/11\/28\/incident-scandalos-in-hunedoara-un-adolescent-de-16-ani-a-lovit-un-cetatean-nepalez-si-i-a-furat-furat-portofelul-cu-banii-si-actele\/"},"modified":"2024-11-28T17:44:56","modified_gmt":"2024-11-28T17:44:56","slug":"incident-scandalos-in-hunedoara-un-adolescent-de-16-ani-a-lovit-un-cetatean-nepalez-si-i-a-furat-furat-portofelul-cu-banii-si-actele","status":"publish","type":"post","link":"https:\/\/247stiri.ro\/index.php\/2024\/11\/28\/incident-scandalos-in-hunedoara-un-adolescent-de-16-ani-a-lovit-un-cetatean-nepalez-si-i-a-furat-furat-portofelul-cu-banii-si-actele\/","title":{"rendered":"Incident scandalos \u00een Hunedoara. Un adolescent de 16 ani a lovit un cet\u0103\u0163ean nepalez \u0219i i-a furat furat portofelul cu banii \u015fi actele"},"content":{"rendered":"<p>\u201eUn cet\u0103\u0163ean nepalez a fost victima unei t\u00e2lh\u0103rii, \u00een noaptea de 27 noiembrie a.c., \u00een jurul orei 01.30.\u00a0 Fapta a fost comis\u0103 \u00een municipiul Hunedoara, cet\u0103\u0163eanul nepalez reclam\u00e2nd faptul c\u0103 ar fi fost deposedat, prin violen\u0163\u0103, de o sum\u0103 de bani \u015fi de documentele personale\u201d, au anun\u0163at poli\u0163i\u015ftii din Hunedoara.<\/p>\n<p>Incidentul s-a produs pe o strad\u0103 din ora\u015f, \u00een zona unui chio\u015fc.<\/p>\n<p>B\u0103rbatul a reclamat c\u0103 a intrat cu el \u00een vorb\u0103 un t\u00e2n\u0103r necunoscut.<\/p>\n<p>\u201eNepalezul ar fi vrut s\u0103 \u00eei dea acelui t\u00e2n\u0103r o sum\u0103 de bani pentru\u00a0a-l l\u0103sa \u00een pace, deoarece acesta era insistent \u015fi \u00eel \u00eenso\u0163ea c\u0103tre cas\u0103, \u00eens\u0103 acesta l-a lovit cu pumnul \u00een zona fe\u0163ei dup\u0103 care i-a luat portmoneul cu to\u0163i banii \u015fi documentele personale din m\u00e2n\u0103 \u015fi a fugit. \u00cen cauz\u0103, poli\u0163i\u015ftii au \u00eentocmit dosar penal privind comiterea infrac\u0163iunii de t\u00e2lh\u0103rie calificat\u0103, iar \u00een urma cercet\u0103rilor, \u00een scurt timp, au reu\u015fit s\u0103\u00a0\u00eel identifice pe cel b\u0103nuit de comiterea t\u00e2lh\u0103riei. Acesta este un minor \u00een v\u00e2rst\u0103 de 16 ani, din Hunedoara\u201d, a mai transmis sursa citat\u0103.<\/p>\n<p>Procurorul de caz a dispus m\u0103sura controlului judiciar pe o perioad\u0103 de 60 de zile fa\u0163\u0103 de minorul de 16 ani.<\/p>","protected":false},"excerpt":{"rendered":"<p>\u201eUn cet\u0103\u0163ean nepalez a fost victima unei t\u00e2lh\u0103rii, \u00een noaptea de 27 noiembrie a.c., \u00een&hellip;<\/p>\n","protected":false},"author":0,"featured_media":11706,"comment_status":"open","ping_status":"open","sticky":false,"template":"","format":"standard","meta":{"footnotes":""},"categories":[2],"tags":[],"class_list":["post-11705","post","type-post","status-publish","format-standard","has-post-thumbnail","hentry","category-actual"],"_links":{"self":[{"href":"https:\/\/247stiri.ro\/index.php\/wp-json\/wp\/v2\/posts\/11705","targetHints":{"allow":["GET"]}}],"collection":[{"href":"https:\/\/247stiri.ro\/index.php\/wp-json\/wp\/v2\/posts"}],"about":[{"href":"https:\/\/247stiri.ro\/index.php\/wp-json\/wp\/v2\/types\/post"}],"replies":[{"embeddable":true,"href":"https:\/\/247stiri.ro\/index.php\/wp-json\/wp\/v2\/comments?post=11705"}],"version-history":[{"count":0,"href":"https:\/\/247stiri.ro\/index.php\/wp-json\/wp\/v2\/posts\/11705\/revisions"}],"wp:featuredmedia":[{"embeddable":true,"href":"https:\/\/247stiri.ro\/index.php\/wp-json\/wp\/v2\/media\/11706"}],"wp:attachment":[{"href":"https:\/\/247stiri.ro\/index.php\/wp-json\/wp\/v2\/media?parent=11705"}],"wp:term":[{"taxonomy":"category","embeddable":true,"href":"https:\/\/247stiri.ro\/index.php\/wp-json\/wp\/v2\/categories?post=11705"},{"taxonomy":"post_tag","embeddable":true,"href":"https:\/\/247stiri.ro\/index.php\/wp-json\/wp\/v2\/tags?post=11705"}],"curies":[{"name":"wp","href":"https:\/\/api.w.org\/{rel}","templated":true}]}}