{"id":11709,"date":"2024-11-28T17:44:56","date_gmt":"2024-11-28T17:44:56","guid":{"rendered":"https:\/\/247stiri.ro\/index.php\/2024\/11\/28\/augustin-zegrean-fostul-judecator-al-curtii-constitutionale-despre-o-posibila-anulare-a-primului-tur-al-alegerilor-ma-tem-ca-acolo-or-sa-mearga-daca-le-tot-incurca-asa\/"},"modified":"2024-11-28T17:44:56","modified_gmt":"2024-11-28T17:44:56","slug":"augustin-zegrean-fostul-judecator-al-curtii-constitutionale-despre-o-posibila-anulare-a-primului-tur-al-alegerilor-ma-tem-ca-acolo-or-sa-mearga-daca-le-tot-incurca-asa","status":"publish","type":"post","link":"https:\/\/247stiri.ro\/index.php\/2024\/11\/28\/augustin-zegrean-fostul-judecator-al-curtii-constitutionale-despre-o-posibila-anulare-a-primului-tur-al-alegerilor-ma-tem-ca-acolo-or-sa-mearga-daca-le-tot-incurca-asa\/","title":{"rendered":"Augustin Zegrean, fostul judec\u0103tor al Cur\u0163ii Constitu\u0163ionale, despre o posibil\u0103 anulare a primului tur al alegerilor: \u201eM\u0103 tem c\u0103 acolo or s\u0103 mearg\u0103, dac\u0103 le tot \u00eencurc\u0103 a\u015fa\u201d"},"content":{"rendered":"<p>\u201eM\u0103 tem c\u0103 acolo or s\u0103 mearg\u0103, dac\u0103 le tot \u00eencurc\u0103 a\u015fa. P\u0103i, dac\u0103 abia s\u0103pt\u0103m\u00e2na viitoare se d\u0103 rezultatul, mai putem face al doilea tur pe 8 decembrie? Candida\u0163ii au dreptul la campania electoral\u0103 pentru turul al doilea. Dac\u0103 nu vor putea s\u0103-\u015fi fac\u0103 campania, candidatul care va pierde va ataca iar la Curtea Constitu\u0163ional\u0103 pe motiv c\u0103 nu i s-a acordat timpul necesar pentru a-\u015fi face campanie \u015fi c\u0103 de aceea a pierdut\u201d, a declarat Augustin Zegrean la un post de televiziune.<\/p>\n<p>Joi, CCR a decis reverificarea \u015fi renum\u0103rarea tuturor celor peste nou\u0103 milioane A\u015fadar, CCR, dac\u0103 nu va primi rezultatul renum\u0103r\u0103rii p\u00e2n\u0103 m\u00e2ine, la ora 14.00, vor fi nevoi\u0163i s\u0103 a\u015ftepte p\u00e2n\u0103 s\u0103pt\u0103m\u00e2na viitoare ca s\u0103 ia o decizie.<\/p>\n<p>\u201eAsta ne mai lipsea \u00een situa\u0163ia asta, un conflict \u00eentre BEC \u015fi Curtea Constitu\u0163ional\u0103\u201d, a spus Zegrean.<\/p>\n<p>Acesta a spus c\u0103 nu e nicio leg\u0103tur\u0103 \u00eentre situa\u0163ia de la primul tur al alegerilor preziden\u0163iale \u015fi alegerile parlamentare de duminic\u0103, 1 decembrie, punct\u00e2nd c\u0103 acestea au fost puse \u00eentre cele dou\u0103 tururi ale preziden\u0163ialelor \u201eca s\u0103 se influen\u0163eze rezultatele\u201d, dar c\u0103 oricum \u201eacum nu mai conteaz\u0103\u201d<\/p>\n<p>\u201eP\u0103i nu au leg\u0103tur\u0103, chiar n-au leg\u0103tur\u0103. Le-au pus \u00eentre ele a\u015fa ca s\u0103 se influen\u0163eze rezultatele, dar acum mai conteaz\u0103, nu mai conteaz\u0103. Deci, duminic\u0103 trebuie s\u0103 fie alegeri parlamentare, pentru c\u0103 sunt \u00een lege, \u00een programul stabilit. Duminic\u0103 trebuie s\u0103 fie alegeri parlamentare. Nu le mai pot am\u00e2na \u015fi pe acelea. Da, ar trebui s\u0103 se calmeze cu to\u0163ii \u015fi s\u0103 fac\u0103 lucrurile cu calm, \u015fi nu a\u015fa, din fuga calului, c\u0103 uita\u0163i unde ajungem\u201d, mai spune Augustin Zegrean.<\/p>","protected":false},"excerpt":{"rendered":"<p>\u201eM\u0103 tem c\u0103 acolo or s\u0103 mearg\u0103, dac\u0103 le tot \u00eencurc\u0103 a\u015fa. P\u0103i, dac\u0103 abia&hellip;<\/p>\n","protected":false},"author":0,"featured_media":11680,"comment_status":"open","ping_status":"open","sticky":false,"template":"","format":"standard","meta":{"footnotes":""},"categories":[2],"tags":[],"class_list":["post-11709","post","type-post","status-publish","format-standard","has-post-thumbnail","hentry","category-actual"],"_links":{"self":[{"href":"https:\/\/247stiri.ro\/index.php\/wp-json\/wp\/v2\/posts\/11709","targetHints":{"allow":["GET"]}}],"collection":[{"href":"https:\/\/247stiri.ro\/index.php\/wp-json\/wp\/v2\/posts"}],"about":[{"href":"https:\/\/247stiri.ro\/index.php\/wp-json\/wp\/v2\/types\/post"}],"replies":[{"embeddable":true,"href":"https:\/\/247stiri.ro\/index.php\/wp-json\/wp\/v2\/comments?post=11709"}],"version-history":[{"count":0,"href":"https:\/\/247stiri.ro\/index.php\/wp-json\/wp\/v2\/posts\/11709\/revisions"}],"wp:featuredmedia":[{"embeddable":true,"href":"https:\/\/247stiri.ro\/index.php\/wp-json\/wp\/v2\/media\/11680"}],"wp:attachment":[{"href":"https:\/\/247stiri.ro\/index.php\/wp-json\/wp\/v2\/media?parent=11709"}],"wp:term":[{"taxonomy":"category","embeddable":true,"href":"https:\/\/247stiri.ro\/index.php\/wp-json\/wp\/v2\/categories?post=11709"},{"taxonomy":"post_tag","embeddable":true,"href":"https:\/\/247stiri.ro\/index.php\/wp-json\/wp\/v2\/tags?post=11709"}],"curies":[{"name":"wp","href":"https:\/\/api.w.org\/{rel}","templated":true}]}}