{"id":11716,"date":"2024-11-28T18:44:49","date_gmt":"2024-11-28T18:44:49","guid":{"rendered":"https:\/\/247stiri.ro\/index.php\/2024\/11\/28\/ilie-bolojan-curtea-constitutionala-a-romaniei-a-dat-astazi-o-decizie-care-a-generat-multa-confuzie-e-imposibil-ca-termenul-ccr-sa-fie-respectat\/"},"modified":"2024-11-28T18:44:49","modified_gmt":"2024-11-28T18:44:49","slug":"ilie-bolojan-curtea-constitutionala-a-romaniei-a-dat-astazi-o-decizie-care-a-generat-multa-confuzie-e-imposibil-ca-termenul-ccr-sa-fie-respectat","status":"publish","type":"post","link":"https:\/\/247stiri.ro\/index.php\/2024\/11\/28\/ilie-bolojan-curtea-constitutionala-a-romaniei-a-dat-astazi-o-decizie-care-a-generat-multa-confuzie-e-imposibil-ca-termenul-ccr-sa-fie-respectat\/","title":{"rendered":"Ilie Bolojan: \u201eCurtea Constitu\u021bional\u0103 a Rom\u00e2niei a dat ast\u0103zi o decizie care a generat mult\u0103 confuzie. E imposibil ca termenul CCR s\u0103 fie respectat\u201d"},"content":{"rendered":"<p>\u201eCurtea Constitu\u021bional\u0103 a Rom\u00e2niei a dat ast\u0103zi o decizie care a generat mult\u0103 confuzie. A dispus renum\u0103rarea voturilor pentru turul 1 al alegerilor preziden\u021biale, \u00een baza unor sesiz\u0103ri, \u0219i a stabilit termen de judecat\u0103 pentru m\u00e2ine, la pr\u00e2nz, 29 noiembrie.<\/p>\n<p>Nu comentez evaluarea judec\u0103torilor, \u00eens\u0103 constat c\u0103 este imposibil ca acest termen s\u0103 fie respectat.<\/p>\n<p>Cei care ar trebui s\u0103 rezolve aceast\u0103 sarcin\u0103, membrii birourilor electorale jude\u021bene, chiar \u0219i sprijini\u021bi, au nevoie de mai multe zile pentru finalizarea renum\u0103r\u0103rii.<\/p>\n<p>\u00cen plus, o parte dintre ei sunt \u0219i membri \u00een birourile electorale pentru alegerile parlamentare de duminic\u0103.<\/p>\n<p>\u00cen aceast\u0103 situa\u021bie, renum\u0103rarea \u0219i, implicit, validarea turului 1 nu vor putea fi finalizate dec\u00e2t dup\u0103 alegerile parlamentare.<\/p>\n<p>Zilele acestea ar trebui s\u0103 se discute despre solu\u021biile partidelor politice la problemele Rom\u00e2niei, astfel \u00eenc\u00e2t rom\u00e2nii s\u0103 poat\u0103 decide, \u00een cuno\u0219tin\u021b\u0103 de cauz\u0103, cum vor vota duminic\u0103, 1 decembrie.<\/p>\n<p>Din nefericire, aten\u021bia este deturnat\u0103 c\u0103tre teme care tensioneaz\u0103 societatea, gener\u00e2nd o stare de incertitudine. Iar efectele cumulate ale unei decizii confuze sunt sc\u0103derea \u00eencrederii \u00een institu\u021biile statului\u201d, a declarat Ilie Bolojan.<\/p>","protected":false},"excerpt":{"rendered":"<p>\u201eCurtea Constitu\u021bional\u0103 a Rom\u00e2niei a dat ast\u0103zi o decizie care a generat mult\u0103 confuzie. A&hellip;<\/p>\n","protected":false},"author":0,"featured_media":11713,"comment_status":"open","ping_status":"open","sticky":false,"template":"","format":"standard","meta":{"footnotes":""},"categories":[2],"tags":[],"class_list":["post-11716","post","type-post","status-publish","format-standard","has-post-thumbnail","hentry","category-actual"],"_links":{"self":[{"href":"https:\/\/247stiri.ro\/index.php\/wp-json\/wp\/v2\/posts\/11716","targetHints":{"allow":["GET"]}}],"collection":[{"href":"https:\/\/247stiri.ro\/index.php\/wp-json\/wp\/v2\/posts"}],"about":[{"href":"https:\/\/247stiri.ro\/index.php\/wp-json\/wp\/v2\/types\/post"}],"replies":[{"embeddable":true,"href":"https:\/\/247stiri.ro\/index.php\/wp-json\/wp\/v2\/comments?post=11716"}],"version-history":[{"count":0,"href":"https:\/\/247stiri.ro\/index.php\/wp-json\/wp\/v2\/posts\/11716\/revisions"}],"wp:featuredmedia":[{"embeddable":true,"href":"https:\/\/247stiri.ro\/index.php\/wp-json\/wp\/v2\/media\/11713"}],"wp:attachment":[{"href":"https:\/\/247stiri.ro\/index.php\/wp-json\/wp\/v2\/media?parent=11716"}],"wp:term":[{"taxonomy":"category","embeddable":true,"href":"https:\/\/247stiri.ro\/index.php\/wp-json\/wp\/v2\/categories?post=11716"},{"taxonomy":"post_tag","embeddable":true,"href":"https:\/\/247stiri.ro\/index.php\/wp-json\/wp\/v2\/tags?post=11716"}],"curies":[{"name":"wp","href":"https:\/\/api.w.org\/{rel}","templated":true}]}}