{"id":11738,"date":"2024-11-28T19:45:23","date_gmt":"2024-11-28T19:45:23","guid":{"rendered":"https:\/\/247stiri.ro\/index.php\/2024\/11\/28\/guvernul-spaniol-decizie-importanta-in-privinta-concediilor-ce-au-decis-oficialii-spanioli-in-caz-de-alerta-meteorologica\/"},"modified":"2024-11-28T19:45:23","modified_gmt":"2024-11-28T19:45:23","slug":"guvernul-spaniol-decizie-importanta-in-privinta-concediilor-ce-au-decis-oficialii-spanioli-in-caz-de-alerta-meteorologica","status":"publish","type":"post","link":"https:\/\/247stiri.ro\/index.php\/2024\/11\/28\/guvernul-spaniol-decizie-importanta-in-privinta-concediilor-ce-au-decis-oficialii-spanioli-in-caz-de-alerta-meteorologica\/","title":{"rendered":"Guvernul spaniol, decizie important\u0103 \u00een privin\u021ba concediilor. Ce au decis oficialii spanioli \u00een caz de alert\u0103 meteorologic\u0103"},"content":{"rendered":"<p>Decizia a fost luat\u0103 \u00een cadrul unui pachet de m\u0103suri viz\u00e2nd prevenirea riscurilor \u015fi are ca scop &#8216;adaptarea dreptului muncii&#8217; spaniol la contextul &#8216;de urgen\u0163\u0103 climatic\u0103&#8217;, a explicat ministrul muncii, Yolanda Diaz, la televiziunea public\u0103 RTVE.<\/p>\n<p>Ea le va permite angaja\u0163ilor s\u0103 beneficieze de un concediu de 4 zile, pl\u0103tit de stat, \u00een caz de alert\u0103 emis\u0103 de autorit\u0103\u0163i, fie c\u0103 este vorba despre &#8216;o prim\u0103rie, o regiune sau guvernul central&#8217;, a ad\u0103ugat Yolanda Diaz, membr\u0103 a partidului SUMAR, de extrem\u0103 st\u00e2nga.<\/p>\n<p>Mai multe firme au fost criticate, dup\u0103 inunda\u0163iile care au devastat sud-estul Spaniei pe 29 octombrie, pentru c\u0103 le-au cerut angaja\u0163ilor lor s\u0103 r\u0103m\u00e2n\u0103 la locul de munc\u0103 \u00een pofida alertei ro\u015fii emise de Agen\u0163ia meteorologic\u0103 na\u0163ional\u0103 (AEMET).<\/p>\n<p>Firmele, la r\u00e2ndul lor, au acuzat autorit\u0103\u0163ile c\u0103 nu le-au informat suficient \u015fi c\u0103 au trimis alerte pe telefoanele mobile ale popula\u0163iei de-abia la \u00eenceputul serii, la mai multe ore dup\u0103 alerta AEMET.<\/p>\n<p>De acum \u00eenainte, &#8216;din momentul \u00een care o autoritate, oricare ar fi ea, va anun\u0163a c\u0103 exist\u0103 un risc \u00een deplas\u0103ri, salaria\u0163ii vor trebui s\u0103 se ab\u0163in\u0103 de la a veni la munc\u0103&#8217;, pentru c\u0103 &#8216;niciun angajat nu trebuie s\u0103 \u00ee\u015fi asume riscuri&#8217;, a declarat Diaz.<\/p>\n<p>Durata maxim\u0103 a acestui tip de concediu nu va dep\u0103\u015fi 4 zile, \u00eens\u0103 angajatorii vor avea posibilitatea, dup\u0103 acest termen, s\u0103 recurg\u0103 la m\u0103suri de \u015fomaj par\u0163ial, care exist\u0103 deja \u00een caz de for\u0163\u0103 major\u0103, explic\u0103 executivul.<\/p>\n<p>Potrivit speciali\u015ftilor, &#8216;costul acestui tip de eveniment s-ar putea dubla p\u00e2n\u0103 \u00een 2050&#8217;, a men\u0163ionat ministrul economiei, Carlos Cuerpo, dup\u0103 \u015fedin\u0163a de guvern \u00een care a fost adoptat un nou pachet de ajutoare de 2,3 miliarde de euro pentru sinistra\u0163i.<\/p>","protected":false},"excerpt":{"rendered":"<p>Decizia a fost luat\u0103 \u00een cadrul unui pachet de m\u0103suri viz\u00e2nd prevenirea riscurilor \u015fi are&hellip;<\/p>\n","protected":false},"author":0,"featured_media":11711,"comment_status":"open","ping_status":"open","sticky":false,"template":"","format":"standard","meta":{"footnotes":""},"categories":[2],"tags":[],"class_list":["post-11738","post","type-post","status-publish","format-standard","has-post-thumbnail","hentry","category-actual"],"_links":{"self":[{"href":"https:\/\/247stiri.ro\/index.php\/wp-json\/wp\/v2\/posts\/11738","targetHints":{"allow":["GET"]}}],"collection":[{"href":"https:\/\/247stiri.ro\/index.php\/wp-json\/wp\/v2\/posts"}],"about":[{"href":"https:\/\/247stiri.ro\/index.php\/wp-json\/wp\/v2\/types\/post"}],"replies":[{"embeddable":true,"href":"https:\/\/247stiri.ro\/index.php\/wp-json\/wp\/v2\/comments?post=11738"}],"version-history":[{"count":0,"href":"https:\/\/247stiri.ro\/index.php\/wp-json\/wp\/v2\/posts\/11738\/revisions"}],"wp:featuredmedia":[{"embeddable":true,"href":"https:\/\/247stiri.ro\/index.php\/wp-json\/wp\/v2\/media\/11711"}],"wp:attachment":[{"href":"https:\/\/247stiri.ro\/index.php\/wp-json\/wp\/v2\/media?parent=11738"}],"wp:term":[{"taxonomy":"category","embeddable":true,"href":"https:\/\/247stiri.ro\/index.php\/wp-json\/wp\/v2\/categories?post=11738"},{"taxonomy":"post_tag","embeddable":true,"href":"https:\/\/247stiri.ro\/index.php\/wp-json\/wp\/v2\/tags?post=11738"}],"curies":[{"name":"wp","href":"https:\/\/api.w.org\/{rel}","templated":true}]}}