{"id":11750,"date":"2024-11-28T20:45:03","date_gmt":"2024-11-28T20:45:03","guid":{"rendered":"https:\/\/247stiri.ro\/index.php\/2024\/11\/28\/elena-lasconi-spune-ca-usr-face-plangere-la-inalta-curte-si-la-comisia-de-la-venetia-dupa-decizia-bec\/"},"modified":"2024-11-28T20:45:03","modified_gmt":"2024-11-28T20:45:03","slug":"elena-lasconi-spune-ca-usr-face-plangere-la-inalta-curte-si-la-comisia-de-la-venetia-dupa-decizia-bec","status":"publish","type":"post","link":"https:\/\/247stiri.ro\/index.php\/2024\/11\/28\/elena-lasconi-spune-ca-usr-face-plangere-la-inalta-curte-si-la-comisia-de-la-venetia-dupa-decizia-bec\/","title":{"rendered":"Elena Lasconi spune c\u0103 USR face pl\u00e2ngere la \u00cenalta Curte \u0219i la Comisia de la Vene\u021bia dup\u0103 decizia BEC"},"content":{"rendered":"<p>\u201eEu sunt aici s\u0103 lupt pentru democra\u021bie. Votul rom\u00e2nilor este sf\u00e2nt, indiferent c\u0103 ne place, c\u0103 nu ne place candidatul, votul rom\u00e2nilor este sf\u00e2nt. Nu au fost trolli la urne, au fost oameni reali \u0219i noi trebuie s\u0103 \u00eei respect\u0103m pe fiecare\u201d a spus Elena Lasconi, la un post TV.<\/p>\n<p><a href=\"https:\/\/www.realitatea.net\/stiri\/actual\/bec-spune-ca-nu-poate-renumara-voturile-pe-cat-de-repede-doreste-curtea-constitutionala_6748b4b33d70f9621c251ec6\" target=\"_blank\">BEC spune c\u0103 nu poate renum\u0103ra voturile pe c\u00e2t de repede dore\u0219te Curtea Constitu\u021bional\u0103<\/a><\/p>\n<p>Forma\u0163iunea politic\u0103 invoc\u0103 lipsa de transparen\u0163\u0103 a procesului, gestionat de un grup restr\u00e2ns de persoane. Candidatul Elena Lasconi consider\u0103 c\u0103 situa\u0163ia reflect\u0103 &#8222;disperarea unui sistem care nu \u015ftie s\u0103 piard\u0103&#8221; \u015fi subliniaz\u0103 c\u0103 pre\u015fedintele ar trebui ales de cet\u0103\u0163eni, nu de CCR.<\/p>\n<p>&#8222;Este evident c\u0103 ceea ce vedem acum este disperarea unui sistem care nu \u015ftie s\u0103 piard\u0103. Ei \u015ftiu c\u0103 noi suntem sf\u00e2r\u015fitul puterii lor \u015fi ast\u0103zi atac\u0103 fundamentul democra\u0163iei, alegerile, votul oamenilor. \u00cencearc\u0103 cu orice pre\u0163 s\u0103 submineze voin\u0163a rom\u00e2nilor. Este o tentativ\u0103 clar\u0103 de a manipula rezultatul alegerilor \u015fi de a ad\u00e2nci criza \u00een institu\u0163iile statului, \u00een politic\u0103, fix acea ne\u00eencredere care a dus \u015fi la cre\u015fterea extremismului. Le spun \u00eenc\u0103 o dat\u0103: nimeni, niciun politician, chiar \u015fi numit la CCR, nu poate s\u0103 aleag\u0103 pre\u015fedintele Rom\u00e2niei. Pre\u015fedintele trebuie ales de rom\u00e2ni, prin vot&#8221;, a declarat, \u00een aceast\u0103 sear\u0103, Elena Lasconi.<\/p>\n<p>\u00a0<\/p>","protected":false},"excerpt":{"rendered":"<p>\u201eEu sunt aici s\u0103 lupt pentru democra\u021bie. Votul rom\u00e2nilor este sf\u00e2nt, indiferent c\u0103 ne place,&hellip;<\/p>\n","protected":false},"author":0,"featured_media":11744,"comment_status":"open","ping_status":"open","sticky":false,"template":"","format":"standard","meta":{"footnotes":""},"categories":[2],"tags":[],"class_list":["post-11750","post","type-post","status-publish","format-standard","has-post-thumbnail","hentry","category-actual"],"_links":{"self":[{"href":"https:\/\/247stiri.ro\/index.php\/wp-json\/wp\/v2\/posts\/11750","targetHints":{"allow":["GET"]}}],"collection":[{"href":"https:\/\/247stiri.ro\/index.php\/wp-json\/wp\/v2\/posts"}],"about":[{"href":"https:\/\/247stiri.ro\/index.php\/wp-json\/wp\/v2\/types\/post"}],"replies":[{"embeddable":true,"href":"https:\/\/247stiri.ro\/index.php\/wp-json\/wp\/v2\/comments?post=11750"}],"version-history":[{"count":0,"href":"https:\/\/247stiri.ro\/index.php\/wp-json\/wp\/v2\/posts\/11750\/revisions"}],"wp:featuredmedia":[{"embeddable":true,"href":"https:\/\/247stiri.ro\/index.php\/wp-json\/wp\/v2\/media\/11744"}],"wp:attachment":[{"href":"https:\/\/247stiri.ro\/index.php\/wp-json\/wp\/v2\/media?parent=11750"}],"wp:term":[{"taxonomy":"category","embeddable":true,"href":"https:\/\/247stiri.ro\/index.php\/wp-json\/wp\/v2\/categories?post=11750"},{"taxonomy":"post_tag","embeddable":true,"href":"https:\/\/247stiri.ro\/index.php\/wp-json\/wp\/v2\/tags?post=11750"}],"curies":[{"name":"wp","href":"https:\/\/api.w.org\/{rel}","templated":true}]}}