{"id":11752,"date":"2024-11-28T20:45:03","date_gmt":"2024-11-28T20:45:03","guid":{"rendered":"https:\/\/247stiri.ro\/index.php\/2024\/11\/28\/marcel-ciolacu-spune-ca-simpatizantii-sai-au-fost-manipulati-sa-voteze-cu-george-simion-nu-a-fost-ceva-organizat\/"},"modified":"2024-11-28T20:45:03","modified_gmt":"2024-11-28T20:45:03","slug":"marcel-ciolacu-spune-ca-simpatizantii-sai-au-fost-manipulati-sa-voteze-cu-george-simion-nu-a-fost-ceva-organizat","status":"publish","type":"post","link":"https:\/\/247stiri.ro\/index.php\/2024\/11\/28\/marcel-ciolacu-spune-ca-simpatizantii-sai-au-fost-manipulati-sa-voteze-cu-george-simion-nu-a-fost-ceva-organizat\/","title":{"rendered":"Marcel Ciolacu spune c\u0103 simpatizan\u021bii s\u0103i au fost manipula\u021bi s\u0103 voteze cu George Simion: Nu a fost ceva organizat"},"content":{"rendered":"<p>\u201eE o decizie a CCR, nu am cerut-o, nu m\u0103 prive\u0219te. Sper c\u0103 nu crede cineva c\u0103 europarlamentarul de la AUR, domnul Terhe\u0219, a fost pus de PSD. Este a doua oar\u0103 c\u00e2nd se \u00eent\u00e2mpl\u0103 acest lucru \u0219i s\u0103 v\u0103 explic dou\u0103 lovituri de PR \u00een aceast\u0103 campanie, care au adus costuri foarte mari \u0219i PSD, \u0219i candidatului Marcel Ciolacu.<\/p>\n<p>Prima lovitur\u0103 de PR politic a fost cu domnul Becali, care a spus c\u0103 a avut un aranjament, c\u0103 a vorbit cu cineva la telefon. \u00cen acel context, cumva iner\u021bial, anumite voturi dintre simpatizan\u021bii partidului sau ai mei personali s-au direc\u021bionat c\u0103tre domnul Simion. F\u0103r\u0103 ca cineva din partid s\u0103 organizeze acest lucru. Eu am cuno\u0219tin\u021be care mi-au spus \u00een ziua votului &#8216;s\u0103 \u0219tii c\u0103 am fost la vot \u0219i am votat cu Simion ca s\u0103-\u021bi fac bine&#8217;. M\u0103, dar \u021bi-a spus cineva s\u0103 faci acest lucru? Nu, dar a\u0219a s-a prezentat. A fost o lovitur\u0103 de PR politic la care nu am reac\u021bionat.<\/p>\n<p>Acum e a doua lovitur\u0103, \u00een care europarlamentarul AUR face o contesta\u021bie. Normal c\u0103 judec\u0103torii CCR trebuiau s\u0103 ia \u00een discu\u021bie aceast\u0103 contesta\u021bie. Decizia a fost 9-0. Toat\u0103 lumea a votat pentru acest lucru. Acum iar\u0103\u0219i se \u00eencearc\u0103 o manipulare, c\u0103 uite cum vrea Ciolacu \u0219i PSD s\u0103 \u00ee\u0219i trimit\u0103 candidatul \u00een turul II. Fals\u201d, a declaratMarcel Ciolacu.<\/p>","protected":false},"excerpt":{"rendered":"<p>\u201eE o decizie a CCR, nu am cerut-o, nu m\u0103 prive\u0219te. Sper c\u0103 nu crede&hellip;<\/p>\n","protected":false},"author":0,"featured_media":11734,"comment_status":"open","ping_status":"open","sticky":false,"template":"","format":"standard","meta":{"footnotes":""},"categories":[2],"tags":[],"class_list":["post-11752","post","type-post","status-publish","format-standard","has-post-thumbnail","hentry","category-actual"],"_links":{"self":[{"href":"https:\/\/247stiri.ro\/index.php\/wp-json\/wp\/v2\/posts\/11752","targetHints":{"allow":["GET"]}}],"collection":[{"href":"https:\/\/247stiri.ro\/index.php\/wp-json\/wp\/v2\/posts"}],"about":[{"href":"https:\/\/247stiri.ro\/index.php\/wp-json\/wp\/v2\/types\/post"}],"replies":[{"embeddable":true,"href":"https:\/\/247stiri.ro\/index.php\/wp-json\/wp\/v2\/comments?post=11752"}],"version-history":[{"count":0,"href":"https:\/\/247stiri.ro\/index.php\/wp-json\/wp\/v2\/posts\/11752\/revisions"}],"wp:featuredmedia":[{"embeddable":true,"href":"https:\/\/247stiri.ro\/index.php\/wp-json\/wp\/v2\/media\/11734"}],"wp:attachment":[{"href":"https:\/\/247stiri.ro\/index.php\/wp-json\/wp\/v2\/media?parent=11752"}],"wp:term":[{"taxonomy":"category","embeddable":true,"href":"https:\/\/247stiri.ro\/index.php\/wp-json\/wp\/v2\/categories?post=11752"},{"taxonomy":"post_tag","embeddable":true,"href":"https:\/\/247stiri.ro\/index.php\/wp-json\/wp\/v2\/tags?post=11752"}],"curies":[{"name":"wp","href":"https:\/\/api.w.org\/{rel}","templated":true}]}}