{"id":11785,"date":"2024-11-29T06:44:52","date_gmt":"2024-11-29T06:44:52","guid":{"rendered":"https:\/\/247stiri.ro\/index.php\/2024\/11\/29\/kovesi-atacata-dur-de-celebrul-jurnalist-marius-tuca-a-uitat-cand-dansa-la-petreceri-pe-manele-de-ce-spune-ca-ar-trebui-sa-fie-chemata-la-parchet\/"},"modified":"2024-11-29T06:44:52","modified_gmt":"2024-11-29T06:44:52","slug":"kovesi-atacata-dur-de-celebrul-jurnalist-marius-tuca-a-uitat-cand-dansa-la-petreceri-pe-manele-de-ce-spune-ca-ar-trebui-sa-fie-chemata-la-parchet","status":"publish","type":"post","link":"https:\/\/247stiri.ro\/index.php\/2024\/11\/29\/kovesi-atacata-dur-de-celebrul-jurnalist-marius-tuca-a-uitat-cand-dansa-la-petreceri-pe-manele-de-ce-spune-ca-ar-trebui-sa-fie-chemata-la-parchet\/","title":{"rendered":"Kovesi, atacat\u0103 dur de celebrul jurnalist Marius Tuc\u0103: &#8222;A uitat c\u00e2nd dansa la petreceri pe manele&#8221;. De ce spune c\u0103 ar trebui s\u0103 fie chemat\u0103 la Parchet"},"content":{"rendered":"<p>&#8222;Ma mira alegerea ei, pentru ca ea pe la petrecereile alea cu Ghita si Maior ascultau manele. Adica, ea e o manelista si din punct de vedere profesional, cat si din punctd e vedere intelectual. Este in tagma lui Portocala si lui Onea. Cam pe-acolo este si cu educatia si cu educatia muzicala. In zona asta manelistica. Ma surprinde alegerea ei. Totusi, asta e un cantec popular, sa spune asa, la propriu si la figurat. E un cantec de muzica traditionala romaneasca. N-are de unde sa stie ca e greu cu muzica traditionala, dar melodia e cumva ce ar trebui sa se intample pentru ca dansa ar trebui sa fie chemata la Parchet pentru a da cu subsemnatul in legatura cu toate abuzurile pe care le-a facut din functia de sef al DNA, arestati &#8211; oameni care au murit in inchisoare. Cred ca trebuie sa se obisnuiasca cu ideea ca trebuie sa vina intr-o bunza zi sa dea cu subsemnatul, inclusiv din functia pe care o are acuma. Nu e nimeni deasupra legii.<\/p>\n<p>Ar trebui sa vina, sa spuna si sa dea cu subsemnatul in legatura cu toate abuzurile pe care institutiile astea nenorocite au fost folosite pentru a-si lichida adversarii politici.\u00a0<\/p>\n<p>La Chilia in Port, tanti Kovesi, dar mai intai pe aici, pe la Parchet, un pic cu subsemnatul si dupa aia vedem si cum e cu trestia si cu ce se mai intampla prin Delta Dunarii&#8221;, a afirmat Tuca.<\/p>\n<p>MAI INTAI LA PARCHET TANTI KOVESI CU SUBSEMNATUL, SI APOI VEDEM CU DELTA DUNARII 0.43\u00a0<\/p>","protected":false},"excerpt":{"rendered":"<p>&#8222;Ma mira alegerea ei, pentru ca ea pe la petrecereile alea cu Ghita si Maior&hellip;<\/p>\n","protected":false},"author":0,"featured_media":11786,"comment_status":"open","ping_status":"open","sticky":false,"template":"","format":"standard","meta":{"footnotes":""},"categories":[3],"tags":[],"class_list":["post-11785","post","type-post","status-publish","format-standard","has-post-thumbnail","hentry","category-politica"],"_links":{"self":[{"href":"https:\/\/247stiri.ro\/index.php\/wp-json\/wp\/v2\/posts\/11785","targetHints":{"allow":["GET"]}}],"collection":[{"href":"https:\/\/247stiri.ro\/index.php\/wp-json\/wp\/v2\/posts"}],"about":[{"href":"https:\/\/247stiri.ro\/index.php\/wp-json\/wp\/v2\/types\/post"}],"replies":[{"embeddable":true,"href":"https:\/\/247stiri.ro\/index.php\/wp-json\/wp\/v2\/comments?post=11785"}],"version-history":[{"count":0,"href":"https:\/\/247stiri.ro\/index.php\/wp-json\/wp\/v2\/posts\/11785\/revisions"}],"wp:featuredmedia":[{"embeddable":true,"href":"https:\/\/247stiri.ro\/index.php\/wp-json\/wp\/v2\/media\/11786"}],"wp:attachment":[{"href":"https:\/\/247stiri.ro\/index.php\/wp-json\/wp\/v2\/media?parent=11785"}],"wp:term":[{"taxonomy":"category","embeddable":true,"href":"https:\/\/247stiri.ro\/index.php\/wp-json\/wp\/v2\/categories?post=11785"},{"taxonomy":"post_tag","embeddable":true,"href":"https:\/\/247stiri.ro\/index.php\/wp-json\/wp\/v2\/tags?post=11785"}],"curies":[{"name":"wp","href":"https:\/\/api.w.org\/{rel}","templated":true}]}}