{"id":11787,"date":"2024-11-29T06:44:52","date_gmt":"2024-11-29T06:44:52","guid":{"rendered":"https:\/\/247stiri.ro\/index.php\/2024\/11\/29\/cum-vrea-kovesi-sa-rastoarne-alegerile-anca-alexandrescu-dezvaluiri-incendiare-face-politica-pentru-sorosisti\/"},"modified":"2024-11-29T06:44:52","modified_gmt":"2024-11-29T06:44:52","slug":"cum-vrea-kovesi-sa-rastoarne-alegerile-anca-alexandrescu-dezvaluiri-incendiare-face-politica-pentru-sorosisti","status":"publish","type":"post","link":"https:\/\/247stiri.ro\/index.php\/2024\/11\/29\/cum-vrea-kovesi-sa-rastoarne-alegerile-anca-alexandrescu-dezvaluiri-incendiare-face-politica-pentru-sorosisti\/","title":{"rendered":"Cum vrea Kovesi s\u0103 r\u0103stoarne alegerile? Anca Alexandrescu, dezv\u0103luiri incendiare: Face politic\u0103 pentru sorosi\u0219ti"},"content":{"rendered":"<p>&#8222;Eu am postat \u00eenc\u0103 de ieri despre discursul doamnei Kovesi, care a venit fix la momentul potrivit, ce s\u0103 vede\u021bi, a\u0219a apare doamna Kovesi, \u00een momente importante pentru Rom\u00e2nia \u0219i d\u0103 semnale. Ba la biseric\u0103, la slujbe, v\u0103 aduce\u021bi aminte c\u00e2nd a mai fost \u00eentr-un moment important \u0219i a f\u0103cut acest lucru. Acum a venit la Ia\u0219i \u0219i vezi-Doamne, le d\u0103 lec\u021bii studen\u021bilor. Poate a uitat o \u021bar\u0103 \u00eentreag\u0103 ce se \u00eent\u00e2mpla pe vremea doamnei Codru\u021ba Kovesi, c\u00e2nd diminea\u021b\u0103 la ora 6 c\u00e2nd oamenii \u00ee\u0219i beau cafeaua a\u0219teptau s\u0103 vad\u0103 cine mai iese \u00een c\u0103tu\u0219e. A\u0219a a fost distrus capitalul rom\u00e2nesc, a\u0219a au fost distru\u0219i oamenii de afaceri rom\u00e2ni.\u00a0<\/p>\n<p>Doamna Codru\u021ba Kovesi, \u00een loc s\u0103 se ocupe de marea corup\u021bie se ocup\u0103 s\u0103 fac\u0103 politic\u0103 pentru soro\u0219i\u0219ti, pentru cei care \u00ee\u0219i doresc ca aceast\u0103 \u021bar\u0103 s\u0103 r\u0103m\u00e2n\u0103 \u00eengenuncheat\u0103 \u00een continuare \u00een fa\u021ba marilor multina\u021bionale, astfel \u00eenc\u00e2t capitalul rom\u00e2nesc, tot ce \u00eenseamn\u0103 reindustrializarea Rom\u00e2niei s\u0103 fie pe fr\u00e2n\u0103. S\u0103 st\u0103m \u00een genunchi la ambasade, a\u0219a cum am v\u0103zut-o pe doamna Lasconi. Primul lucru pe care l-a f\u0103cut \u00een campanie a fost s\u0103 mearg\u0103 la toate ambasadele&#8221;, a declarat Anca Alexandrescu.<\/p>","protected":false},"excerpt":{"rendered":"<p>&#8222;Eu am postat \u00eenc\u0103 de ieri despre discursul doamnei Kovesi, care a venit fix la&hellip;<\/p>\n","protected":false},"author":0,"featured_media":11788,"comment_status":"open","ping_status":"open","sticky":false,"template":"","format":"standard","meta":{"footnotes":""},"categories":[3],"tags":[],"class_list":["post-11787","post","type-post","status-publish","format-standard","has-post-thumbnail","hentry","category-politica"],"_links":{"self":[{"href":"https:\/\/247stiri.ro\/index.php\/wp-json\/wp\/v2\/posts\/11787","targetHints":{"allow":["GET"]}}],"collection":[{"href":"https:\/\/247stiri.ro\/index.php\/wp-json\/wp\/v2\/posts"}],"about":[{"href":"https:\/\/247stiri.ro\/index.php\/wp-json\/wp\/v2\/types\/post"}],"replies":[{"embeddable":true,"href":"https:\/\/247stiri.ro\/index.php\/wp-json\/wp\/v2\/comments?post=11787"}],"version-history":[{"count":0,"href":"https:\/\/247stiri.ro\/index.php\/wp-json\/wp\/v2\/posts\/11787\/revisions"}],"wp:featuredmedia":[{"embeddable":true,"href":"https:\/\/247stiri.ro\/index.php\/wp-json\/wp\/v2\/media\/11788"}],"wp:attachment":[{"href":"https:\/\/247stiri.ro\/index.php\/wp-json\/wp\/v2\/media?parent=11787"}],"wp:term":[{"taxonomy":"category","embeddable":true,"href":"https:\/\/247stiri.ro\/index.php\/wp-json\/wp\/v2\/categories?post=11787"},{"taxonomy":"post_tag","embeddable":true,"href":"https:\/\/247stiri.ro\/index.php\/wp-json\/wp\/v2\/tags?post=11787"}],"curies":[{"name":"wp","href":"https:\/\/api.w.org\/{rel}","templated":true}]}}