{"id":11803,"date":"2024-11-29T07:49:38","date_gmt":"2024-11-29T07:49:38","guid":{"rendered":"https:\/\/247stiri.ro\/index.php\/2024\/11\/29\/renumararea-voturilor-face-valuri-in-presa-internationala-ecourile-din-articolele-straine-romania-e-in-turbulente\/"},"modified":"2024-11-29T07:49:38","modified_gmt":"2024-11-29T07:49:38","slug":"renumararea-voturilor-face-valuri-in-presa-internationala-ecourile-din-articolele-straine-romania-e-in-turbulente","status":"publish","type":"post","link":"https:\/\/247stiri.ro\/index.php\/2024\/11\/29\/renumararea-voturilor-face-valuri-in-presa-internationala-ecourile-din-articolele-straine-romania-e-in-turbulente\/","title":{"rendered":"Renum\u0103rarea voturilor face valuri \u00een presa interna\u021bional\u0103. Ecourile din articolele str\u0103ine: Rom\u00e2nia e \u00een turbulen\u021be"},"content":{"rendered":"<p>Potrivit acestora, turul 1 al preziden\u021bialelor a fost c\u00e2\u0219tigat de C\u0103lin Georgescu, care a ob\u0163inut multe voturi din partea tinerilor \u015fi a rom\u00e2nilor din str\u0103in\u0103tate, iar campania sa s-a bazat foarte mult pe re\u021beaua <a href=\"https:\/\/www.realitatea.net\/stiri\/actual\/reteaua-tiktok-se-apara-in-scandalul-electoral-din-romania-nu-am-gasit-dovezi-ale-unei-operatiuni-de-influenta-ascunsa_6748a95e60e7f7002256c3f8\" target=\"_blank\">TikTok<\/a>.<\/p>\n<p><a href=\"https:\/\/www.realitatea.net\/stiri\/actual\/cine-este-regele-tiktok-care-il-sprijina-pe-calin-georgescu-si-la-promovat-din-umbra-pe-reteaua-de-socializare_6747906071b9e02932615562#google_vignette\" target=\"_blank\">Cine este regele TikTok care \u00eel sprijin\u0103 pe C\u0103lin Georgescu \u0219i l-a promovat, din umbr\u0103, pe re\u021beaua de socializare<\/a><\/p>\n<p>Mai mult, scrie presa interna\u021bional\u0103, \u00een luna octombrie a acestui an CCR a interzis unui politician de extrem\u0103-dreapta s\u0103 candideze la alegerile preziden\u0163iale, printr-o hot\u0103r\u00e2re despre care anali\u015ftii, grupurile pentru drepturile civile \u015fi unele partide din afar\u0103 au afirmat c\u0103 a \u00eensemnat o dep\u0103\u015fire a atribu\u0163iilor.<\/p>\n<p>O alt\u0103 agen\u021bie interna\u021bional\u0103 spune c\u0103 decizia CCR, risc\u0103 s\u0103 p\u0103teze credibilitatea institu\u0163iilor statului \u00eenainte de alte dou\u0103 scrutine.\u00a0<\/p>","protected":false},"excerpt":{"rendered":"<p>Potrivit acestora, turul 1 al preziden\u021bialelor a fost c\u00e2\u0219tigat de C\u0103lin Georgescu, care a ob\u0163inut&hellip;<\/p>\n","protected":false},"author":0,"featured_media":11800,"comment_status":"open","ping_status":"open","sticky":false,"template":"","format":"standard","meta":{"footnotes":""},"categories":[3],"tags":[],"class_list":["post-11803","post","type-post","status-publish","format-standard","has-post-thumbnail","hentry","category-politica"],"_links":{"self":[{"href":"https:\/\/247stiri.ro\/index.php\/wp-json\/wp\/v2\/posts\/11803","targetHints":{"allow":["GET"]}}],"collection":[{"href":"https:\/\/247stiri.ro\/index.php\/wp-json\/wp\/v2\/posts"}],"about":[{"href":"https:\/\/247stiri.ro\/index.php\/wp-json\/wp\/v2\/types\/post"}],"replies":[{"embeddable":true,"href":"https:\/\/247stiri.ro\/index.php\/wp-json\/wp\/v2\/comments?post=11803"}],"version-history":[{"count":0,"href":"https:\/\/247stiri.ro\/index.php\/wp-json\/wp\/v2\/posts\/11803\/revisions"}],"wp:featuredmedia":[{"embeddable":true,"href":"https:\/\/247stiri.ro\/index.php\/wp-json\/wp\/v2\/media\/11800"}],"wp:attachment":[{"href":"https:\/\/247stiri.ro\/index.php\/wp-json\/wp\/v2\/media?parent=11803"}],"wp:term":[{"taxonomy":"category","embeddable":true,"href":"https:\/\/247stiri.ro\/index.php\/wp-json\/wp\/v2\/categories?post=11803"},{"taxonomy":"post_tag","embeddable":true,"href":"https:\/\/247stiri.ro\/index.php\/wp-json\/wp\/v2\/tags?post=11803"}],"curies":[{"name":"wp","href":"https:\/\/api.w.org\/{rel}","templated":true}]}}