{"id":11806,"date":"2024-11-29T07:49:38","date_gmt":"2024-11-29T07:49:38","guid":{"rendered":"https:\/\/247stiri.ro\/index.php\/2024\/11\/29\/in-bucuresti-se-aprinde-diseara-iluminatul-festiv-si-se-deschide-targul-de-craciun-din-piata-constitutiei\/"},"modified":"2024-11-29T07:49:38","modified_gmt":"2024-11-29T07:49:38","slug":"in-bucuresti-se-aprinde-diseara-iluminatul-festiv-si-se-deschide-targul-de-craciun-din-piata-constitutiei","status":"publish","type":"post","link":"https:\/\/247stiri.ro\/index.php\/2024\/11\/29\/in-bucuresti-se-aprinde-diseara-iluminatul-festiv-si-se-deschide-targul-de-craciun-din-piata-constitutiei\/","title":{"rendered":"\u00cen Bucure\u0219ti se aprinde disear\u0103 iluminatul festiv \u0219i se deschide T\u00e2rgul de Cr\u0103ciun din Pia\u021ba Constitu\u021biei"},"content":{"rendered":"<p>T\u00e2rgul de Cr\u0103ciun Bucure\u015fti se va deschide vineri, de la ora 17.00, \u00een Pia\u0163a Constitu\u0163iei. Tot \u00een seara de debut, vor fi aprinse lumini\u021bele de s\u0103rb\u0103tori \u00een ora\u0219 \u0219i vor avea loc mai multe concerte \u00een aer liber.<\/p>\n<p>Cea de-a 17-a edi\u021bie a T\u00e2rgului de Cr\u0103ciun Bucure\u0219ti\u00a0va avea loc \u00een perioada\u00a029 noiembrie \u2013 26 decembrie 2024, zilnic, de\u00a0luni p\u00e2n\u0103 vineri, \u00een intervalul orar\u00a012:00 \u2013 22:00, inclusiv \u00een zilele de Cr\u0103ciun (25 \u0219i 26 decembrie), iar\u00a0s\u00e2mb\u0103t\u0103 \u0219i duminic\u0103, \u00eentre orele\u00a010:00 \u2013 22:00.<\/p>\n<p>\u201eIntrarea este liber\u0103, astfel c\u0103 bucure\u0219tenii \u0219i turi\u0219tii sunt invita\u021bi s\u0103 tr\u0103iasc\u0103 experien\u021ba Cr\u0103ciunului autentic, \u00eentr-un decor feeric\u201d, potrivit unui comunicat de pres\u0103 transmis de organizatori.<\/p>\n<p>Tot vineri, pe 29 noiembrie, de la ora 18:00, din Pia\u021ba Constitu\u021biei se va aprinde iluminatul festiv \u00een Capital\u0103.<\/p>","protected":false},"excerpt":{"rendered":"<p>T\u00e2rgul de Cr\u0103ciun Bucure\u015fti se va deschide vineri, de la ora 17.00, \u00een Pia\u0163a Constitu\u0163iei.&hellip;<\/p>\n","protected":false},"author":0,"featured_media":11807,"comment_status":"open","ping_status":"open","sticky":false,"template":"","format":"standard","meta":{"footnotes":""},"categories":[2],"tags":[],"class_list":["post-11806","post","type-post","status-publish","format-standard","has-post-thumbnail","hentry","category-actual"],"_links":{"self":[{"href":"https:\/\/247stiri.ro\/index.php\/wp-json\/wp\/v2\/posts\/11806","targetHints":{"allow":["GET"]}}],"collection":[{"href":"https:\/\/247stiri.ro\/index.php\/wp-json\/wp\/v2\/posts"}],"about":[{"href":"https:\/\/247stiri.ro\/index.php\/wp-json\/wp\/v2\/types\/post"}],"replies":[{"embeddable":true,"href":"https:\/\/247stiri.ro\/index.php\/wp-json\/wp\/v2\/comments?post=11806"}],"version-history":[{"count":0,"href":"https:\/\/247stiri.ro\/index.php\/wp-json\/wp\/v2\/posts\/11806\/revisions"}],"wp:featuredmedia":[{"embeddable":true,"href":"https:\/\/247stiri.ro\/index.php\/wp-json\/wp\/v2\/media\/11807"}],"wp:attachment":[{"href":"https:\/\/247stiri.ro\/index.php\/wp-json\/wp\/v2\/media?parent=11806"}],"wp:term":[{"taxonomy":"category","embeddable":true,"href":"https:\/\/247stiri.ro\/index.php\/wp-json\/wp\/v2\/categories?post=11806"},{"taxonomy":"post_tag","embeddable":true,"href":"https:\/\/247stiri.ro\/index.php\/wp-json\/wp\/v2\/tags?post=11806"}],"curies":[{"name":"wp","href":"https:\/\/api.w.org\/{rel}","templated":true}]}}