{"id":11808,"date":"2024-11-29T07:49:39","date_gmt":"2024-11-29T07:49:39","guid":{"rendered":"https:\/\/247stiri.ro\/index.php\/2024\/11\/29\/accident-grav-pe-dn2-in-judetul-bacau-soldat-cu-3-morti-si-6-raniti-printre-raniti-sunt-si-3-copii\/"},"modified":"2024-11-29T07:49:39","modified_gmt":"2024-11-29T07:49:39","slug":"accident-grav-pe-dn2-in-judetul-bacau-soldat-cu-3-morti-si-6-raniti-printre-raniti-sunt-si-3-copii","status":"publish","type":"post","link":"https:\/\/247stiri.ro\/index.php\/2024\/11\/29\/accident-grav-pe-dn2-in-judetul-bacau-soldat-cu-3-morti-si-6-raniti-printre-raniti-sunt-si-3-copii\/","title":{"rendered":"Accident grav pe DN2, \u00een jude\u021bul Bac\u0103u, soldat cu 3 mor\u021bi \u0219i 6 r\u0103ni\u021bi. Printre r\u0103ni\u021bi sunt \u0219i 3 copii"},"content":{"rendered":"<p>UPDATE &#8211; \u201cIn aceasta dimineata, in jurul orei 05:00, un accident rutier, cu persoane incarcerate, s-a produs \u00een com. Sascut, sat Sascut (pe E85).<\/p>\n<p>Imediat la locul evenimentului s-au deplasat 1 ASAS si Descarcerarea, amb. TIM de la D.P. Bacau si amb. SMURD de la P.L. Racaciuni. 1 ASAS si Descarcerarea de la Sectia Adjud si 2 amb. SAJ.<\/p>\n<p>De asemnea, la fata locului s-a mai deplasat si loctiitorul Cdt. DP Bacau cu 1 un autoturism pentru munca operativ\u0103 si o autospeciala pentru transport victime multiple ATPVM.<\/p>\n<p>\u00cen accidentul rutier au fost implicate un autoturism de 7 locuri si o autoutilitara de 3,5 tone, care transporta carne.<\/p>\n<p>In urma evenimentului au rezultat 8 victime (5 adulti si 3 minori): 3 victime decedate (adulti), iar 2 victime (adulti \u2013 una in stare de inconstienta, una constienta si 3 minori ( un minor in stare de inconstienta, 2 constienti) au fost preluati de echipajele medicale si transportati catre spital. Victimele transportate catre spital sunt politraumatizate,\u201d a transmis Andrei Grecu, din cadrul ISUJ Bacau.<\/p>\n<p>\u0218TIREA INI\u021aIAL\u0102<\/p>\n<p>Centrul Infotrafic din IGPR anun\u0163\u0103 producerea unui accident rutier, \u00een care au fost implicate un autoturism \u015fi o autoutilitar\u0103, soldat cu decesul a 3 persoane \u015fi r\u0103nirea altor 6 persoane, pe DN2.<\/p>\n\n<p>\u201dSe circul\u0103 alternativ, prin dirijare, pe DN2\/E85, \u00eentre localit\u0103\u0163ile S\u0103scu\u0163 \u015fi Valea Seac\u0103, jude\u0163ul Bac\u0103u, pentru a permite interven\u0163ia la locul accidentului\u201d, a transmis sursa citat\u0103.<\/p>\n<p>\u00a0<\/p>","protected":false},"excerpt":{"rendered":"<p>UPDATE &#8211; \u201cIn aceasta dimineata, in jurul orei 05:00, un accident rutier, cu persoane incarcerate,&hellip;<\/p>\n","protected":false},"author":0,"featured_media":11809,"comment_status":"open","ping_status":"open","sticky":false,"template":"","format":"standard","meta":{"footnotes":""},"categories":[2],"tags":[],"class_list":["post-11808","post","type-post","status-publish","format-standard","has-post-thumbnail","hentry","category-actual"],"_links":{"self":[{"href":"https:\/\/247stiri.ro\/index.php\/wp-json\/wp\/v2\/posts\/11808","targetHints":{"allow":["GET"]}}],"collection":[{"href":"https:\/\/247stiri.ro\/index.php\/wp-json\/wp\/v2\/posts"}],"about":[{"href":"https:\/\/247stiri.ro\/index.php\/wp-json\/wp\/v2\/types\/post"}],"replies":[{"embeddable":true,"href":"https:\/\/247stiri.ro\/index.php\/wp-json\/wp\/v2\/comments?post=11808"}],"version-history":[{"count":0,"href":"https:\/\/247stiri.ro\/index.php\/wp-json\/wp\/v2\/posts\/11808\/revisions"}],"wp:featuredmedia":[{"embeddable":true,"href":"https:\/\/247stiri.ro\/index.php\/wp-json\/wp\/v2\/media\/11809"}],"wp:attachment":[{"href":"https:\/\/247stiri.ro\/index.php\/wp-json\/wp\/v2\/media?parent=11808"}],"wp:term":[{"taxonomy":"category","embeddable":true,"href":"https:\/\/247stiri.ro\/index.php\/wp-json\/wp\/v2\/categories?post=11808"},{"taxonomy":"post_tag","embeddable":true,"href":"https:\/\/247stiri.ro\/index.php\/wp-json\/wp\/v2\/tags?post=11808"}],"curies":[{"name":"wp","href":"https:\/\/api.w.org\/{rel}","templated":true}]}}