{"id":11818,"date":"2024-11-29T08:45:19","date_gmt":"2024-11-29T08:45:19","guid":{"rendered":"https:\/\/247stiri.ro\/index.php\/2024\/11\/29\/cum-va-fi-vremea-in-decembrie-anm-a-actualizat-estimarile-prognoza-meteo-pentru-urmatoarele-4-saptamani\/"},"modified":"2024-11-29T08:45:19","modified_gmt":"2024-11-29T08:45:19","slug":"cum-va-fi-vremea-in-decembrie-anm-a-actualizat-estimarile-prognoza-meteo-pentru-urmatoarele-4-saptamani","status":"publish","type":"post","link":"https:\/\/247stiri.ro\/index.php\/2024\/11\/29\/cum-va-fi-vremea-in-decembrie-anm-a-actualizat-estimarile-prognoza-meteo-pentru-urmatoarele-4-saptamani\/","title":{"rendered":"Cum va fi vremea \u00een decembrie. ANM a actualizat estim\u0103rile: prognoza meteo pentru urm\u0103toarele 4 s\u0103pt\u0103m\u00e2ni"},"content":{"rendered":"<p>S\u0103pt\u0103m\u00e2na 02.12.2024 \u2013 09.12.2024<\/p>\n<p>Valorile termice vor fi mai cobor\u00e2te dec\u00e2t cele specifice pentru aceast\u0103 s\u0103pt\u0103m\u00e2n\u0103 \u00een cea mai mare parte a \u021b\u0103rii, cu o abatere termic\u0103 negativ\u0103 u\u0219or mai accentuat\u0103 \u00een zonele montane.<\/p>\n<p>Regimul pluviometric va fi deficitar la nivelul \u00eentregii \u021b\u0103ri, dar mai ales \u00een regiunile vestice \u0219i nord-vestice.<\/p>\n<p>S\u0103pt\u0103m\u00e2na 09.12.2024 \u2013 16.12.2024<\/p>\n<p>Temperaturile medii vor fi apropiate de cele normale pentru acest interval \u00een cea mai mare parte a \u021b\u0103rii.<\/p>\n<p>Cantit\u0103\u021bile de precipita\u021bii vor fi \u00een general apropiate de cele normale pentru aceast\u0103 perioad\u0103, cu posibilitatea unui u\u0219or excedent \u00een regiunile sudice \u0219i sud-estice.<\/p>\n<p>S\u0103pt\u0103m\u00e2na 16.12.2024 \u2013 23.12.2024<\/p>\n<p>Temperatura medie a aerului va avea valori apropiate de cele normale pentru acest interval, \u00een toate regiunile.<\/p>\n<p>Regimul pluviometric va fi \u00een general apropiat de cel normal pentru aceast\u0103 perioad\u0103, \u00een cea mai mare parte a \u021b\u0103rii.<\/p>\n<p>S\u0103pt\u0103m\u00e2na 23.12.2024 \u2013 30.12.2024<\/p>\n<p>Mediile valorilor termice se vor situa \u00een jurul celor specifice pentru aceast\u0103 s\u0103pt\u0103m\u00e2n\u0103, pe \u00eentreg teritoriul Rom\u00e2niei.<\/p>\n<p>Cantit\u0103\u021bile de precipita\u021bii vor fi apropiate de cele normale pentru acest interval, \u00een cea mai mare parte a \u021b\u0103rii.<\/p>","protected":false},"excerpt":{"rendered":"<p>S\u0103pt\u0103m\u00e2na 02.12.2024 \u2013 09.12.2024 Valorile termice vor fi mai cobor\u00e2te dec\u00e2t cele specifice pentru aceast\u0103&hellip;<\/p>\n","protected":false},"author":0,"featured_media":11819,"comment_status":"open","ping_status":"open","sticky":false,"template":"","format":"standard","meta":{"footnotes":""},"categories":[2],"tags":[],"class_list":["post-11818","post","type-post","status-publish","format-standard","has-post-thumbnail","hentry","category-actual"],"_links":{"self":[{"href":"https:\/\/247stiri.ro\/index.php\/wp-json\/wp\/v2\/posts\/11818","targetHints":{"allow":["GET"]}}],"collection":[{"href":"https:\/\/247stiri.ro\/index.php\/wp-json\/wp\/v2\/posts"}],"about":[{"href":"https:\/\/247stiri.ro\/index.php\/wp-json\/wp\/v2\/types\/post"}],"replies":[{"embeddable":true,"href":"https:\/\/247stiri.ro\/index.php\/wp-json\/wp\/v2\/comments?post=11818"}],"version-history":[{"count":0,"href":"https:\/\/247stiri.ro\/index.php\/wp-json\/wp\/v2\/posts\/11818\/revisions"}],"wp:featuredmedia":[{"embeddable":true,"href":"https:\/\/247stiri.ro\/index.php\/wp-json\/wp\/v2\/media\/11819"}],"wp:attachment":[{"href":"https:\/\/247stiri.ro\/index.php\/wp-json\/wp\/v2\/media?parent=11818"}],"wp:term":[{"taxonomy":"category","embeddable":true,"href":"https:\/\/247stiri.ro\/index.php\/wp-json\/wp\/v2\/categories?post=11818"},{"taxonomy":"post_tag","embeddable":true,"href":"https:\/\/247stiri.ro\/index.php\/wp-json\/wp\/v2\/tags?post=11818"}],"curies":[{"name":"wp","href":"https:\/\/api.w.org\/{rel}","templated":true}]}}