{"id":11820,"date":"2024-11-29T08:45:20","date_gmt":"2024-11-29T08:45:20","guid":{"rendered":"https:\/\/247stiri.ro\/index.php\/2024\/11\/29\/reprezentantii-tiktok-audiati-in-parlamentul-european-pe-tema-alegerilor-prezidentiale-din-romania\/"},"modified":"2024-11-29T08:45:20","modified_gmt":"2024-11-29T08:45:20","slug":"reprezentantii-tiktok-audiati-in-parlamentul-european-pe-tema-alegerilor-prezidentiale-din-romania","status":"publish","type":"post","link":"https:\/\/247stiri.ro\/index.php\/2024\/11\/29\/reprezentantii-tiktok-audiati-in-parlamentul-european-pe-tema-alegerilor-prezidentiale-din-romania\/","title":{"rendered":"Reprezentan\u021bii TikTok, audia\u021bi \u00een Parlamentul European pe tema alegerilor preziden\u021biale din Rom\u00e2nia"},"content":{"rendered":"<p>&#8222;Mediul digital trebuie s\u0103 fie unul sigur, lipsit de manipul\u0103ri \u015fi ingerin\u0163e care s\u0103 afecteze discursul civic \u015fi procesele democratice. \u00cen urma interven\u0163iei mele de ieri (miercuri &#8211; n.r.) \u00een Parlamentul European, Comisia pentru Pia\u0163a Intern\u0103 \u015fi Protec\u0163ia Consumatorilor (IMCO) a decis s\u0103 organizeze mar\u0163i, 3 decembrie, o audiere oficial\u0103 cu reprezentan\u0163ii TikTok. Tema va fi &#8222;\u00cendeplinirea obliga\u0163iilor TikTok prev\u0103zute \u00een Directiva Serviciilor Digitale (DSA) \u00een contextul ultimelor evolu\u0163ii&#8221;&#8221;, a transmis Dan Nica, pe pagina sa de Facebook.<\/p>\n<p>&#8222;Directiva Serviciilor Digitale oblig\u0103 platformele mari s\u0103 evalueze riscurile sistemice \u015fi s\u0103 le gestioneze responsabil, astfel \u00eenc\u00e2t procesele electorale \u015fi discursul civic s\u0103 fie protejate. Aceast\u0103 audiere este un pas important spre transparen\u0163\u0103 \u015fi responsabilitate, un moment \u00een care putem spera la m\u0103suri clare care s\u0103 protejeze democra\u0163ia \u00een Rom\u00e2nia \u015fi \u00een Europa. Un lucru este foarte clar: democra\u0163ia nu trebuie s\u0103 fie niciodat\u0103 de v\u00e2nzare!&#8221;, a ad\u0103ugat el.<\/p>\n<p>Dan Nica, liderul delega\u0163iei PSD \u00een PE, a solicitat, miercuri, \u00een plenul Parlamentului European de la Strasbourg, pre\u015fedintei Comisiei Europene, Ursula von der Leyen, \u015fi Colegiului Comisarilor s\u0103 ofere r\u0103spunsuri referitoare la &#8222;entit\u0103\u0163ile str\u0103ine&#8221; care &#8222;s-au amestecat&#8221; \u00een primul tur al alegerilor preziden\u0163iale din Rom\u00e2nia.<\/p>\n<p>Joi, \u00een conferin\u0163a de pres\u0103 zilnic\u0103 de la Bruxelles, un purt\u0103tor de cuv\u00e2nt al Comisiei Europene a confirmat, r\u0103spunz\u00e2nd unei \u00eentreb\u0103ri din partea jurnali\u015ftilor, c\u0103 vineri va avea loc o &#8222;mas\u0103 rotund\u0103&#8221; \u00eentre autorit\u0103\u0163ile rom\u00e2ne \u015fi reprezentan\u0163ii TikTok, organizat\u0103 de executivul comunitar, &#8222;dat\u0103 fiind situa\u0163ia actual\u0103 din Rom\u00e2nia&#8221;.<\/p>\n<p>El a mai precizat c\u0103 la \u00eent\u00e2lnire au fost invitate \u015fi alte platforme \u015fi c\u0103 este un &#8222;exerci\u0163iu obi\u015fnuit&#8221; \u00eenainte de alegeri. &#8222;Este o practic\u0103 obi\u015fnuit\u0103 pe care tindem s\u0103 o facem \u00een cadrul Directivei Serviciilor Digitale, pentru c\u0103 alegerile corecte \u015fi libere sunt centrul democra\u0163iilor noastre&#8221;, a ad\u0103ugat purt\u0103torul de cuv\u00e2nt.<\/p>\n<p>Rom\u00e2nia a cerut Comisiei Europene s\u0103 lanseze o investiga\u0163ie formal\u0103 asupra TikTok, platform\u0103 de socializare cu ac\u0163ionariat chinez, \u00een baza regulilor comunitare privind social media.<\/p>\n<p>Reprezentan\u0163ii TikTok au transmis joi c\u0103, p\u00e2n\u0103 \u00een prezent, nu au fost g\u0103site dovezi ale unei &#8222;opera\u0163iuni de influen\u0163\u0103 ascuns\u0103&#8221; pe platform\u0103, \u00een ultimele s\u0103pt\u0103m\u00e2ni, legate de alegerile preziden\u0163iale din Rom\u00e2nia \u015fi nici dovezi de influen\u0163\u0103 str\u0103in\u0103.<\/p>","protected":false},"excerpt":{"rendered":"<p>&#8222;Mediul digital trebuie s\u0103 fie unul sigur, lipsit de manipul\u0103ri \u015fi ingerin\u0163e care s\u0103 afecteze&hellip;<\/p>\n","protected":false},"author":0,"featured_media":11821,"comment_status":"open","ping_status":"open","sticky":false,"template":"","format":"standard","meta":{"footnotes":""},"categories":[2],"tags":[],"class_list":["post-11820","post","type-post","status-publish","format-standard","has-post-thumbnail","hentry","category-actual"],"_links":{"self":[{"href":"https:\/\/247stiri.ro\/index.php\/wp-json\/wp\/v2\/posts\/11820","targetHints":{"allow":["GET"]}}],"collection":[{"href":"https:\/\/247stiri.ro\/index.php\/wp-json\/wp\/v2\/posts"}],"about":[{"href":"https:\/\/247stiri.ro\/index.php\/wp-json\/wp\/v2\/types\/post"}],"replies":[{"embeddable":true,"href":"https:\/\/247stiri.ro\/index.php\/wp-json\/wp\/v2\/comments?post=11820"}],"version-history":[{"count":0,"href":"https:\/\/247stiri.ro\/index.php\/wp-json\/wp\/v2\/posts\/11820\/revisions"}],"wp:featuredmedia":[{"embeddable":true,"href":"https:\/\/247stiri.ro\/index.php\/wp-json\/wp\/v2\/media\/11821"}],"wp:attachment":[{"href":"https:\/\/247stiri.ro\/index.php\/wp-json\/wp\/v2\/media?parent=11820"}],"wp:term":[{"taxonomy":"category","embeddable":true,"href":"https:\/\/247stiri.ro\/index.php\/wp-json\/wp\/v2\/categories?post=11820"},{"taxonomy":"post_tag","embeddable":true,"href":"https:\/\/247stiri.ro\/index.php\/wp-json\/wp\/v2\/tags?post=11820"}],"curies":[{"name":"wp","href":"https:\/\/api.w.org\/{rel}","templated":true}]}}