{"id":11822,"date":"2024-11-29T08:45:20","date_gmt":"2024-11-29T08:45:20","guid":{"rendered":"https:\/\/247stiri.ro\/index.php\/2024\/11\/29\/toni-grebla-alegerile-prezidentiale-s-ar-putea-reface-primul-tur-pe-15-decembrie-al-doilea-pe-29-decembrie\/"},"modified":"2024-11-29T08:45:20","modified_gmt":"2024-11-29T08:45:20","slug":"toni-grebla-alegerile-prezidentiale-s-ar-putea-reface-primul-tur-pe-15-decembrie-al-doilea-pe-29-decembrie","status":"publish","type":"post","link":"https:\/\/247stiri.ro\/index.php\/2024\/11\/29\/toni-grebla-alegerile-prezidentiale-s-ar-putea-reface-primul-tur-pe-15-decembrie-al-doilea-pe-29-decembrie\/","title":{"rendered":"Toni Grebl\u0103: Alegerile preziden\u021biale s-ar putea reface &#8211; Primul tur pe 15 decembrie, al doilea &#8211; pe 29 decembrie"},"content":{"rendered":"<p>\u00centr-o interven\u021bie la Realitatea Plus, pre\u0219edintele AEP a precizat c\u0103 el nu a f\u0103cut dec\u00e2t s\u0103 emit\u0103 cele dou\u0103 scenarii posibile \u00een situa\u021bia creat\u0103.<\/p>\n<p>\u00a0&#8222;Dac\u0103 se constat\u0103 (CCR n.r.) c\u0103\u00a0frauda este at\u00e2t de mare \u00eenc\u00e2t determin\u0103 schimbarea ordinii competitorilor politici, atunci poate s\u0103 dispun\u0103 invalidarea.(&#8230;.)\u00a0sau poate s\u0103 constate c\u0103 exist\u0103 unele diferen\u0163e, cum poate s\u0103 fie \u015fi firesc, dar c\u0103 acestea\u00a0nu au influen\u0163at major rezultatul final \u015fi s\u0103 valideze primul tur de scrutin. \u00cen prezent CCR a\u0219teapt\u0103 de la BEC renum\u0103rarea voturilor urmeaz\u0103 s\u0103 decid\u0103, nimeni nu poate s\u0103 \u0219tie care va fi decizia CCR&#8221;, a explicat Grebl\u0103.<\/p>\n<p>\u00cen leg\u0103tur\u0103 cu cele 2 date avansate de pre\u0219edintele AEP, acesta a afirmat c\u0103 nu a f\u0103cut dec\u00e2t s\u0103 interpreteze articolul de lege care spune c\u0103 &#8222;dac\u0103 un scrutin este anulat, se organizeaz\u0103 un nou scrutin, cu aceia\u0219i participan\u021bi, \u00een a doua duminic\u0103 dup\u0103 pronun\u021barea CCR&#8221;.<\/p>\n<p>\u00a0<\/p>\n<p>GREBL\u0102: RENUM\u0102RAREA MERGE NEA\u0218TEPTAT DE BINE<\/p>\n<p>\u00cen interven\u021bia sa la Realitatea Plus, pre\u0219edintele AEP a precizat c\u0103 renum\u0103rarea voturilor decurge &#8222;nea\u0219teptat de bine&#8221;\u0219i c\u0103 sper\u0103\u00a0ca procesul s\u0103 se \u00eencheie \u00een termenul dispus de BEC.<\/p>\n<p>P\u00e2n\u0103 la finalu zilei, probabil c\u0103 majoritatea jude\u021belor vor termina, r\u0103m\u00e2n jude\u021bele mai mari, cu un num\u0103r mare de buletine de vot. Mai este o problem\u0103 legat\u0103 de buletinele de vot din str\u0103in\u0103tate.<\/p>\n<p>Aceast\u0103 renum\u0103rarea nu este reglementat\u0103 de legisla\u021bia primar\u0103, a\u0219a c\u0103 BEC a adoptat o hot\u0103r\u00e2re \u00een acest sens, ca la renum\u0103rare s\u0103 participe membrii birourilor electorale jude\u021bene din care fac parte reprezentan\u021bii tuturor partidelor care \u0219i-au desemnat. Este adev\u0103rat c\u0103 nu s-a putut filma procesul de renum\u0103rare, pentru c\u0103 acest lucru se face cu ajutorul tabletelor repartizate pentru procesul electoral, iar acestea au fost deja reatribuite pentru alegerile parlamentare de duminic\u0103, nu mai avem alte 20 de mii de tablete pentru a filma \u0219i renum\u0103rarea.<\/p>\n<p>\u00a0<\/p>","protected":false},"excerpt":{"rendered":"<p>\u00centr-o interven\u021bie la Realitatea Plus, pre\u0219edintele AEP a precizat c\u0103 el nu a f\u0103cut dec\u00e2t&hellip;<\/p>\n","protected":false},"author":0,"featured_media":11817,"comment_status":"open","ping_status":"open","sticky":false,"template":"","format":"standard","meta":{"footnotes":""},"categories":[2],"tags":[],"class_list":["post-11822","post","type-post","status-publish","format-standard","has-post-thumbnail","hentry","category-actual"],"_links":{"self":[{"href":"https:\/\/247stiri.ro\/index.php\/wp-json\/wp\/v2\/posts\/11822","targetHints":{"allow":["GET"]}}],"collection":[{"href":"https:\/\/247stiri.ro\/index.php\/wp-json\/wp\/v2\/posts"}],"about":[{"href":"https:\/\/247stiri.ro\/index.php\/wp-json\/wp\/v2\/types\/post"}],"replies":[{"embeddable":true,"href":"https:\/\/247stiri.ro\/index.php\/wp-json\/wp\/v2\/comments?post=11822"}],"version-history":[{"count":0,"href":"https:\/\/247stiri.ro\/index.php\/wp-json\/wp\/v2\/posts\/11822\/revisions"}],"wp:featuredmedia":[{"embeddable":true,"href":"https:\/\/247stiri.ro\/index.php\/wp-json\/wp\/v2\/media\/11817"}],"wp:attachment":[{"href":"https:\/\/247stiri.ro\/index.php\/wp-json\/wp\/v2\/media?parent=11822"}],"wp:term":[{"taxonomy":"category","embeddable":true,"href":"https:\/\/247stiri.ro\/index.php\/wp-json\/wp\/v2\/categories?post=11822"},{"taxonomy":"post_tag","embeddable":true,"href":"https:\/\/247stiri.ro\/index.php\/wp-json\/wp\/v2\/tags?post=11822"}],"curies":[{"name":"wp","href":"https:\/\/api.w.org\/{rel}","templated":true}]}}