{"id":11829,"date":"2024-11-29T09:46:06","date_gmt":"2024-11-29T09:46:06","guid":{"rendered":"https:\/\/247stiri.ro\/index.php\/2024\/11\/29\/procesul-de-renumarare-a-voturilor-a-inceput-in-toate-judetele-primele-imagini-video\/"},"modified":"2024-11-29T09:46:06","modified_gmt":"2024-11-29T09:46:06","slug":"procesul-de-renumarare-a-voturilor-a-inceput-in-toate-judetele-primele-imagini-video","status":"publish","type":"post","link":"https:\/\/247stiri.ro\/index.php\/2024\/11\/29\/procesul-de-renumarare-a-voturilor-a-inceput-in-toate-judetele-primele-imagini-video\/","title":{"rendered":"Procesul de renum\u0103rare a voturilor a \u00eenceput \u00een toate jude\u021bele. Primele IMAGINI &#8211; VIDEO"},"content":{"rendered":"<p>GREBL\u0102: RENUM\u0102RAREA MERGE NEA\u0218TEPTAT DE BINE<\/p>\n<p>\u00centr-o interven\u021bia la Realitatea Plus, pre\u0219edintele AEP a precizat c\u0103 renum\u0103rarea voturilor decurge &#8222;nea\u0219teptat de bine&#8221;\u0219i c\u0103 sper\u0103 ca procesul s\u0103 se \u00eencheie \u00een termenul dispus de BEC.<\/p>\n\n<p>&#8222;P\u00e2n\u0103 la finalu zilei, probabil c\u0103 majoritatea jude\u021belor vor termina, r\u0103m\u00e2n jude\u021bele mai mari, cu un num\u0103r mare de buletine de vot. Mai este o problem\u0103 legat\u0103 de buletinele de vot din str\u0103in\u0103tate.<\/p>\n\n<p>&#8222;Aceast\u0103 renum\u0103rarea nu este reglementat\u0103 de legisla\u021bia primar\u0103, a\u0219a c\u0103 BEC a adoptat o hot\u0103r\u00e2re \u00een acest sens, ca la renum\u0103rare s\u0103 participe membrii birourilor electorale jude\u021bene din care fac parte reprezentan\u021bii tuturor partidelor care \u0219i-au desemnat. Este adev\u0103rat c\u0103 nu s-a putut filma procesul de renum\u0103rare, pentru c\u0103 acest lucru se face cu ajutorul tabletelor repartizate pentru procesul electoral, iar acestea au fost deja reatribuite pentru alegerile parlamentare de duminic\u0103, nu mai avem alte 20 de mii de tablete pentru a filma \u0219i renum\u0103rarea&#8221;, a explicat Grebl\u0103.<\/p>\n<p>\u00a0<\/p>\n<p>Legat de termenul stabilit de Biroul Electoral Central (BEC) ca la 1 decembrie s\u0103 se finalizeze opera\u0163iunea, Grebl\u0103 a precizat c\u0103 BEC va comunica atunci c\u00e2nd estimeaz\u0103 c\u0103 va transmite centralizarea voturilor la Curtea Constitu\u0163ional\u0103.<\/p>\n<p>&#8222;Autoritatea Electoral\u0103 Permanent\u0103 nu are nicio atribu\u0163ie \u00een opera\u0163iunea de renum\u0103rare a voturilor. Decizia a luat-o Curtea Constitu\u0163ional\u0103, Biroul Electoral Central o pune \u00een executare prin birourile electorale jude\u0163ene. Biroul Electoral Central va comunica, probabil, c\u00e2nd estimeaz\u0103 c\u0103 centralizarea va fi comunicat\u0103 CCR&#8221;, a spus pre\u015fedintele AEP.<\/p>\n<p>Curtea Constitu\u0163ional\u0103 a Rom\u00e2niei a cerut, joi, Biroului Electoral Central renum\u0103rarea voturilor valabil exprimate \u015fi a celor nule de la primul tur al alegerilor preziden\u0163iale.<\/p>\n<p>BEC a adoptat, joi, o decizie privind modul \u00een care va fi solu\u0163ionat\u0103 solicitarea Cur\u0163ii Constitu\u0163ionale de reverificare \u015fi renum\u0103rare a voturilor exprimate la alegerile preziden\u0163iale, stabilind ca termen data de 1 decembrie, ora 22,00, pentru trimiterea versiunii scanate a proceselor-verbale prin e-mail.<\/p>\n<p>\u00a0<\/p>","protected":false},"excerpt":{"rendered":"<p>GREBL\u0102: RENUM\u0102RAREA MERGE NEA\u0218TEPTAT DE BINE \u00centr-o interven\u021bia la Realitatea Plus, pre\u0219edintele AEP a precizat&hellip;<\/p>\n","protected":false},"author":0,"featured_media":11830,"comment_status":"open","ping_status":"open","sticky":false,"template":"","format":"standard","meta":{"footnotes":""},"categories":[3],"tags":[],"class_list":["post-11829","post","type-post","status-publish","format-standard","has-post-thumbnail","hentry","category-politica"],"_links":{"self":[{"href":"https:\/\/247stiri.ro\/index.php\/wp-json\/wp\/v2\/posts\/11829","targetHints":{"allow":["GET"]}}],"collection":[{"href":"https:\/\/247stiri.ro\/index.php\/wp-json\/wp\/v2\/posts"}],"about":[{"href":"https:\/\/247stiri.ro\/index.php\/wp-json\/wp\/v2\/types\/post"}],"replies":[{"embeddable":true,"href":"https:\/\/247stiri.ro\/index.php\/wp-json\/wp\/v2\/comments?post=11829"}],"version-history":[{"count":0,"href":"https:\/\/247stiri.ro\/index.php\/wp-json\/wp\/v2\/posts\/11829\/revisions"}],"wp:featuredmedia":[{"embeddable":true,"href":"https:\/\/247stiri.ro\/index.php\/wp-json\/wp\/v2\/media\/11830"}],"wp:attachment":[{"href":"https:\/\/247stiri.ro\/index.php\/wp-json\/wp\/v2\/media?parent=11829"}],"wp:term":[{"taxonomy":"category","embeddable":true,"href":"https:\/\/247stiri.ro\/index.php\/wp-json\/wp\/v2\/categories?post=11829"},{"taxonomy":"post_tag","embeddable":true,"href":"https:\/\/247stiri.ro\/index.php\/wp-json\/wp\/v2\/tags?post=11829"}],"curies":[{"name":"wp","href":"https:\/\/api.w.org\/{rel}","templated":true}]}}